{"id":179,"date":"2015-03-27T17:07:28","date_gmt":"2015-03-27T16:07:28","guid":{"rendered":"http:\/\/sv7.se\/asakroken\/?p=179"},"modified":"2015-03-27T17:07:28","modified_gmt":"2015-03-27T16:07:28","slug":"stadomraden-samt-schema-justerade-for-2015","status":"publish","type":"post","link":"https:\/\/asakroken.sv7.se\/?p=179","title":{"rendered":"St\u00e4domr\u00e5den samt schema justerade f\u00f6r 2015."},"content":{"rendered":"<p>Sk\u00f6tselperioden startar vecka 20. Obs, nya omr\u00e5den!<\/p>\n<div>Numera ing\u00e5r gr\u00f6nomr\u00e5det (fotbollsplanen) f\u00f6r <strong>samtliga<\/strong> hush\u00e5ll\u00a0enligt <strong>nytt schema<\/strong> med gul vecka.<\/div>\n<div>Detta sk\u00f6ter man tillsammans med 2 eller 3 andra hush\u00e5ll, s\u00e5 ta kontakt i god tid f\u00f6r samverkan.<\/div>\n<div>Under gul vecka sk\u00f6ter man \u00e4ven sitt ordinarie omr\u00e5de som vanligt.<\/div>\n<div>Uppdaterat schema hittar ni under dokument.<\/div>\n<div><\/div>\n<div>&#8211;<\/div>\n<div><\/div>\n<div>Gul vecka\u00a0g\u00e4ller \u00e4ven <strong>om<\/strong> vi i framtiden skulle inf\u00f6rskaffa robotklippare f\u00f6r gr\u00f6nomr\u00e5det d\u00e5 denna kan g\u00e5 s\u00f6nder eller vara p\u00e5 service. Det inneb\u00e4r att man kontrollerar att maskinen \u00e4r p\u00e5 plats, om inte s\u00e5 ser man till att det blir klippt \u00e4nd\u00e5.<\/div>\n<div><\/div>\n<div>&#8211;<\/div>\n<div><\/div>\n<div>\u00c4ven vissa av omr\u00e5dena \u00e4r justerade.<\/div>\n<div>\n<div>Bland annat har omr\u00e5de 6 helt nytt omr\u00e5de\u00a0att sk\u00f6ta om.<\/div>\n<div>Hus 38 &amp; 40 \u00e5ter i grupp 5, denna grupp har\u00a0\u00e4ven numera gr\u00f6nomr\u00e5dets kortsidor.<\/div>\n<div>Uppdaterad omr\u00e5deskarta hittar ni under dokument.<\/div>\n<div><\/div>\n<div>&#8211;<\/div>\n<div><\/div>\n<div>Med v\u00e4nlig h\u00e4lsning Ilkka<\/div>\n<div><\/div>\n<\/div>\n<div>\u00a0&#8211;<\/div>\n<div><\/div>\n","protected":false},"excerpt":{"rendered":"<p>Sk\u00f6tselperioden startar vecka 20. Obs, nya omr\u00e5den! Numera ing\u00e5r gr\u00f6nomr\u00e5det (fotbollsplanen) f\u00f6r samtliga hush\u00e5ll\u00a0enligt nytt schema med gul vecka. Detta sk\u00f6ter man tillsammans med 2 eller 3 andra hush\u00e5ll, s\u00e5 ta kontakt i god tid f\u00f6r samverkan. Under gul vecka &hellip; <a href=\"https:\/\/asakroken.sv7.se\/?p=179\">Forts\u00e4tt l\u00e4sa <span class=\"meta-nav\">&rarr;<\/span><\/a><\/p>\n","protected":false},"author":5,"featured_media":0,"comment_status":"open","ping_status":"open","sticky":false,"template":"","format":"standard","meta":{"footnotes":""},"categories":[1],"tags":[],"class_list":["post-179","post","type-post","status-publish","format-standard","hentry","category-uncategorized"],"_links":{"self":[{"href":"https:\/\/asakroken.sv7.se\/index.php?rest_route=\/wp\/v2\/posts\/179","targetHints":{"allow":["GET"]}}],"collection":[{"href":"https:\/\/asakroken.sv7.se\/index.php?rest_route=\/wp\/v2\/posts"}],"about":[{"href":"https:\/\/asakroken.sv7.se\/index.php?rest_route=\/wp\/v2\/types\/post"}],"author":[{"embeddable":true,"href":"https:\/\/asakroken.sv7.se\/index.php?rest_route=\/wp\/v2\/users\/5"}],"replies":[{"embeddable":true,"href":"https:\/\/asakroken.sv7.se\/index.php?rest_route=%2Fwp%2Fv2%2Fcomments&post=179"}],"version-history":[{"count":3,"href":"https:\/\/asakroken.sv7.se\/index.php?rest_route=\/wp\/v2\/posts\/179\/revisions"}],"predecessor-version":[{"id":182,"href":"https:\/\/asakroken.sv7.se\/index.php?rest_route=\/wp\/v2\/posts\/179\/revisions\/182"}],"wp:attachment":[{"href":"https:\/\/asakroken.sv7.se\/index.php?rest_route=%2Fwp%2Fv2%2Fmedia&parent=179"}],"wp:term":[{"taxonomy":"category","embeddable":true,"href":"https:\/\/asakroken.sv7.se\/index.php?rest_route=%2Fwp%2Fv2%2Fcategories&post=179"},{"taxonomy":"post_tag","embeddable":true,"href":"https:\/\/asakroken.sv7.se\/index.php?rest_route=%2Fwp%2Fv2%2Ftags&post=179"}],"curies":[{"name":"wp","href":"https:\/\/api.w.org\/{rel}","templated":true}]}}