{"id":264,"date":"2018-09-13T21:28:49","date_gmt":"2018-09-13T19:28:49","guid":{"rendered":"https:\/\/asakroken.sv7.se\/?p=264"},"modified":"2018-09-13T21:28:49","modified_gmt":"2018-09-13T19:28:49","slug":"hoststadning-21-oktober","status":"publish","type":"post","link":"https:\/\/asakroken.sv7.se\/?p=264","title":{"rendered":"H\u00f6stst\u00e4dning 21 oktober."},"content":{"rendered":"<p><a href=\"https:\/\/asakroken.sv7.se\/wp-content\/uploads\/2018\/09\/H\u00f6stst\u00e4dning1.jpg\"><img loading=\"lazy\" decoding=\"async\" class=\"alignnone size-medium wp-image-265\" src=\"https:\/\/asakroken.sv7.se\/wp-content\/uploads\/2018\/09\/H\u00f6stst\u00e4dning1-300x300.jpg\" alt=\"\" width=\"300\" height=\"300\" srcset=\"https:\/\/asakroken.sv7.se\/wp-content\/uploads\/2018\/09\/H\u00f6stst\u00e4dning1-300x300.jpg 300w, https:\/\/asakroken.sv7.se\/wp-content\/uploads\/2018\/09\/H\u00f6stst\u00e4dning1-150x150.jpg 150w, https:\/\/asakroken.sv7.se\/wp-content\/uploads\/2018\/09\/H\u00f6stst\u00e4dning1-768x768.jpg 768w, https:\/\/asakroken.sv7.se\/wp-content\/uploads\/2018\/09\/H\u00f6stst\u00e4dning1-1024x1024.jpg 1024w, https:\/\/asakroken.sv7.se\/wp-content\/uploads\/2018\/09\/H\u00f6stst\u00e4dning1.jpg 1280w\" sizes=\"auto, (max-width: 300px) 100vw, 300px\" \/><\/a><\/p>\n<p>Styrelsen kallar till h\u00f6stst\u00e4dning.<br \/>\nS\u00f6ndagen den 21 oktober kl.10:00.<\/p>\n<p>Samling sker som vanligt vid gr\u00f6nomr\u00e5dets garagel\u00e4nga.<br \/>\nDom gemensamma omr\u00e5dena st\u00e4das och fixas till samt h\u00e4cken intill gr\u00e4splan klipps.<br \/>\nEn del jordf\u00f6rb\u00e4ttring genomf\u00f6rs d\u00e4r det beh\u00f6vs.<\/p>\n<p>Vi avslutar d\u00e5 hela omr\u00e5det k\u00e4nns genomg\u00e5nget.<br \/>\nVarmt v\u00e4lkomna!<\/p>\n<p>&nbsp;<\/p>\n","protected":false},"excerpt":{"rendered":"<p>Styrelsen kallar till h\u00f6stst\u00e4dning. S\u00f6ndagen den 21 oktober kl.10:00. Samling sker som vanligt vid gr\u00f6nomr\u00e5dets garagel\u00e4nga. Dom gemensamma omr\u00e5dena st\u00e4das och fixas till samt h\u00e4cken intill gr\u00e4splan klipps. En del jordf\u00f6rb\u00e4ttring genomf\u00f6rs d\u00e4r det beh\u00f6vs. Vi avslutar d\u00e5 hela omr\u00e5det &hellip; <a href=\"https:\/\/asakroken.sv7.se\/?p=264\">Forts\u00e4tt l\u00e4sa <span class=\"meta-nav\">&rarr;<\/span><\/a><\/p>\n","protected":false},"author":5,"featured_media":0,"comment_status":"open","ping_status":"open","sticky":false,"template":"","format":"standard","meta":{"footnotes":""},"categories":[1],"tags":[],"class_list":["post-264","post","type-post","status-publish","format-standard","hentry","category-uncategorized"],"_links":{"self":[{"href":"https:\/\/asakroken.sv7.se\/index.php?rest_route=\/wp\/v2\/posts\/264","targetHints":{"allow":["GET"]}}],"collection":[{"href":"https:\/\/asakroken.sv7.se\/index.php?rest_route=\/wp\/v2\/posts"}],"about":[{"href":"https:\/\/asakroken.sv7.se\/index.php?rest_route=\/wp\/v2\/types\/post"}],"author":[{"embeddable":true,"href":"https:\/\/asakroken.sv7.se\/index.php?rest_route=\/wp\/v2\/users\/5"}],"replies":[{"embeddable":true,"href":"https:\/\/asakroken.sv7.se\/index.php?rest_route=%2Fwp%2Fv2%2Fcomments&post=264"}],"version-history":[{"count":3,"href":"https:\/\/asakroken.sv7.se\/index.php?rest_route=\/wp\/v2\/posts\/264\/revisions"}],"predecessor-version":[{"id":268,"href":"https:\/\/asakroken.sv7.se\/index.php?rest_route=\/wp\/v2\/posts\/264\/revisions\/268"}],"wp:attachment":[{"href":"https:\/\/asakroken.sv7.se\/index.php?rest_route=%2Fwp%2Fv2%2Fmedia&parent=264"}],"wp:term":[{"taxonomy":"category","embeddable":true,"href":"https:\/\/asakroken.sv7.se\/index.php?rest_route=%2Fwp%2Fv2%2Fcategories&post=264"},{"taxonomy":"post_tag","embeddable":true,"href":"https:\/\/asakroken.sv7.se\/index.php?rest_route=%2Fwp%2Fv2%2Ftags&post=264"}],"curies":[{"name":"wp","href":"https:\/\/api.w.org\/{rel}","templated":true}]}}