{"id":290,"date":"2019-07-14T12:40:57","date_gmt":"2019-07-14T10:40:57","guid":{"rendered":"https:\/\/asakroken.sv7.se\/?p=290"},"modified":"2019-07-14T12:40:57","modified_gmt":"2019-07-14T10:40:57","slug":"info-grasklippare","status":"publish","type":"post","link":"https:\/\/asakroken.sv7.se\/?p=290","title":{"rendered":"Info gr\u00e4sklippare."},"content":{"rendered":"\n<figure class=\"wp-block-image\"><img loading=\"lazy\" decoding=\"async\" width=\"180\" height=\"197\" src=\"https:\/\/asakroken.sv7.se\/wp-content\/uploads\/2019\/07\/Gr\u00e4sklippning2.jpg\" alt=\"\" class=\"wp-image-292\"\/><\/figure>\n\n\n\n<h4 class=\"wp-block-heading\"> <br><strong>Ibland h\u00e4nder det att gr\u00e4sklipparen kan vara sv\u00e5rstartad. <\/strong>\ufeff <\/h4>\n\n\n\n<p>Troligen beror detta p\u00e5 att man k\u00f6rt gr\u00e4sklipparen i en lutning  och sedan st\u00e4ngt av den. <br>Problem har f\u00f6rmodligen sedan uppst\u00e5tt vid \u00e5terstart. <\/p>\n\n\n\n<p>Undvik d\u00e4rf\u00f6r att st\u00e4nga av den i lutning d\u00e5 risken \u00e4r stor att filter blir igensatt. <br>Om s\u00e5 sker beh\u00f6ver gr\u00e4sklipparen vila en stund f\u00f6r att torka ut och d\u00e5 brukar man \u00e5ter kunna f\u00e5 ig\u00e5ng den. Om ni beh\u00f6ver st\u00e4nga av den s\u00e5 st\u00e4ll den p\u00e5 plant underlag s\u00e5 minskar risken f\u00f6r problem vid omstart. <\/p>\n\n\n\n<p>F\u00f6r \u00f6vrigt s\u00e5 funkar det att k\u00f6ra klipparen i lutningar.<strong> <\/strong><\/p>\n\n\n\n<p>Jag har haft uppe denna fr\u00e5ga i samband med service p\u00e5 maskinen men det verkar inte g\u00e5 att \u00e5tg\u00e4rda p\u00e5 n\u00e5got s\u00e4tt mer \u00e4n hanteringen av maskinen.<\/p>\n\n\n\n<p>Mvh Ilkka<\/p>\n\n\n\n<p><\/p>\n","protected":false},"excerpt":{"rendered":"<p>Ibland h\u00e4nder det att gr\u00e4sklipparen kan vara sv\u00e5rstartad. \ufeff Troligen beror detta p\u00e5 att man k\u00f6rt gr\u00e4sklipparen i en lutning och sedan st\u00e4ngt av den. Problem har f\u00f6rmodligen sedan uppst\u00e5tt vid \u00e5terstart. Undvik d\u00e4rf\u00f6r att st\u00e4nga av den i lutning &hellip; <a href=\"https:\/\/asakroken.sv7.se\/?p=290\">Forts\u00e4tt l\u00e4sa <span class=\"meta-nav\">&rarr;<\/span><\/a><\/p>\n","protected":false},"author":5,"featured_media":0,"comment_status":"open","ping_status":"open","sticky":false,"template":"","format":"standard","meta":{"footnotes":""},"categories":[1],"tags":[],"class_list":["post-290","post","type-post","status-publish","format-standard","hentry","category-uncategorized"],"_links":{"self":[{"href":"https:\/\/asakroken.sv7.se\/index.php?rest_route=\/wp\/v2\/posts\/290","targetHints":{"allow":["GET"]}}],"collection":[{"href":"https:\/\/asakroken.sv7.se\/index.php?rest_route=\/wp\/v2\/posts"}],"about":[{"href":"https:\/\/asakroken.sv7.se\/index.php?rest_route=\/wp\/v2\/types\/post"}],"author":[{"embeddable":true,"href":"https:\/\/asakroken.sv7.se\/index.php?rest_route=\/wp\/v2\/users\/5"}],"replies":[{"embeddable":true,"href":"https:\/\/asakroken.sv7.se\/index.php?rest_route=%2Fwp%2Fv2%2Fcomments&post=290"}],"version-history":[{"count":1,"href":"https:\/\/asakroken.sv7.se\/index.php?rest_route=\/wp\/v2\/posts\/290\/revisions"}],"predecessor-version":[{"id":293,"href":"https:\/\/asakroken.sv7.se\/index.php?rest_route=\/wp\/v2\/posts\/290\/revisions\/293"}],"wp:attachment":[{"href":"https:\/\/asakroken.sv7.se\/index.php?rest_route=%2Fwp%2Fv2%2Fmedia&parent=290"}],"wp:term":[{"taxonomy":"category","embeddable":true,"href":"https:\/\/asakroken.sv7.se\/index.php?rest_route=%2Fwp%2Fv2%2Fcategories&post=290"},{"taxonomy":"post_tag","embeddable":true,"href":"https:\/\/asakroken.sv7.se\/index.php?rest_route=%2Fwp%2Fv2%2Ftags&post=290"}],"curies":[{"name":"wp","href":"https:\/\/api.w.org\/{rel}","templated":true}]}}