{"id":300,"date":"2019-09-19T18:52:06","date_gmt":"2019-09-19T16:52:06","guid":{"rendered":"https:\/\/asakroken.sv7.se\/?p=300"},"modified":"2019-09-19T18:52:06","modified_gmt":"2019-09-19T16:52:06","slug":"hoststadning-13-oktober","status":"publish","type":"post","link":"https:\/\/asakroken.sv7.se\/?p=300","title":{"rendered":"H\u00f6stst\u00e4dning 13 oktober."},"content":{"rendered":"\n<figure class=\"wp-block-image\"><img loading=\"lazy\" decoding=\"async\" width=\"236\" height=\"145\" src=\"https:\/\/asakroken.sv7.se\/wp-content\/uploads\/2019\/09\/H\u00f6stst\u00e4dning2.jpg\" alt=\"\" class=\"wp-image-301\"\/><\/figure>\n\n\n\n<p>Styrelsen kallar till h\u00f6stst\u00e4dning.<br>S\u00f6ndagen den 13 oktober kl.10:00.<\/p>\n\n\n\n<p>Samling sker som vanligt vid gr\u00f6nomr\u00e5dets garagel\u00e4nga.<br>Dom gemensamma omr\u00e5dena st\u00e4das och fixas till samt h\u00e4cken intill gr\u00e4splan klipps.<br>En del jordf\u00f6rb\u00e4ttring genomf\u00f6rs d\u00e4r det beh\u00f6vs.<br><br>Ny anslagstavla \u00e4r uppsatt p\u00e5 gaveln till garagel\u00e4nga vid hus 5, <br>d\u00e4r har vi t\u00e4nkt gr\u00e4va upp en g\u00e5ng samt l\u00e4gga sten.<\/p>\n\n\n\n<p>Vi avslutar d\u00e5 hela omr\u00e5det k\u00e4nns genomg\u00e5nget.<br>Varmt v\u00e4lkomna!<\/p>\n","protected":false},"excerpt":{"rendered":"<p>Styrelsen kallar till h\u00f6stst\u00e4dning.S\u00f6ndagen den 13 oktober kl.10:00. Samling sker som vanligt vid gr\u00f6nomr\u00e5dets garagel\u00e4nga.Dom gemensamma omr\u00e5dena st\u00e4das och fixas till samt h\u00e4cken intill gr\u00e4splan klipps.En del jordf\u00f6rb\u00e4ttring genomf\u00f6rs d\u00e4r det beh\u00f6vs. Ny anslagstavla \u00e4r uppsatt p\u00e5 gaveln till garagel\u00e4nga &hellip; <a href=\"https:\/\/asakroken.sv7.se\/?p=300\">Forts\u00e4tt l\u00e4sa <span class=\"meta-nav\">&rarr;<\/span><\/a><\/p>\n","protected":false},"author":5,"featured_media":0,"comment_status":"open","ping_status":"open","sticky":false,"template":"","format":"standard","meta":{"footnotes":""},"categories":[1],"tags":[],"class_list":["post-300","post","type-post","status-publish","format-standard","hentry","category-uncategorized"],"_links":{"self":[{"href":"https:\/\/asakroken.sv7.se\/index.php?rest_route=\/wp\/v2\/posts\/300","targetHints":{"allow":["GET"]}}],"collection":[{"href":"https:\/\/asakroken.sv7.se\/index.php?rest_route=\/wp\/v2\/posts"}],"about":[{"href":"https:\/\/asakroken.sv7.se\/index.php?rest_route=\/wp\/v2\/types\/post"}],"author":[{"embeddable":true,"href":"https:\/\/asakroken.sv7.se\/index.php?rest_route=\/wp\/v2\/users\/5"}],"replies":[{"embeddable":true,"href":"https:\/\/asakroken.sv7.se\/index.php?rest_route=%2Fwp%2Fv2%2Fcomments&post=300"}],"version-history":[{"count":1,"href":"https:\/\/asakroken.sv7.se\/index.php?rest_route=\/wp\/v2\/posts\/300\/revisions"}],"predecessor-version":[{"id":302,"href":"https:\/\/asakroken.sv7.se\/index.php?rest_route=\/wp\/v2\/posts\/300\/revisions\/302"}],"wp:attachment":[{"href":"https:\/\/asakroken.sv7.se\/index.php?rest_route=%2Fwp%2Fv2%2Fmedia&parent=300"}],"wp:term":[{"taxonomy":"category","embeddable":true,"href":"https:\/\/asakroken.sv7.se\/index.php?rest_route=%2Fwp%2Fv2%2Fcategories&post=300"},{"taxonomy":"post_tag","embeddable":true,"href":"https:\/\/asakroken.sv7.se\/index.php?rest_route=%2Fwp%2Fv2%2Ftags&post=300"}],"curies":[{"name":"wp","href":"https:\/\/api.w.org\/{rel}","templated":true}]}}