{"id":308,"date":"2020-03-29T18:07:23","date_gmt":"2020-03-29T16:07:23","guid":{"rendered":"https:\/\/asakroken.sv7.se\/?p=308"},"modified":"2020-03-29T18:07:23","modified_gmt":"2020-03-29T16:07:23","slug":"var-sommarstadning-samt-arsmote-7-juni","status":"publish","type":"post","link":"https:\/\/asakroken.sv7.se\/?p=308","title":{"rendered":"V\u00e5r\/sommarst\u00e4dning samt \u00e5rsm\u00f6te 7 juni,"},"content":{"rendered":"\n<figure class=\"wp-block-image\"><img loading=\"lazy\" decoding=\"async\" width=\"243\" height=\"208\" src=\"https:\/\/asakroken.sv7.se\/wp-content\/uploads\/2020\/03\/V\u00e5rst\u00e4dning3.jpg\" alt=\"\" class=\"wp-image-309\"\/><\/figure>\n\n\n\n<p>V\u00e5ren b\u00f6rjar n\u00e4rma sig och d\u00e5 \u00e4r det dags f\u00f6r \u00e5rsm\u00f6te med efterf\u00f6ljande v\u00e5r\/sommarst\u00e4dning. Dock blir denna f\u00f6rskjuten en aning pga Coronaspridningen.<br>Styrelsen vore v\u00e4ldigt tacksam om vi hj\u00e4lps \u00e5t att sopa bort grus mm s\u00e5 fort det blir lite varmare ute och \u00e4ven ser till att det ser n\u00e5gorlunda snyggt ut p\u00e5 omr\u00e5det, detta pga av r\u00e5dande omst\u00e4ndigheter.<\/p>\n\n\n\n<p>S\u00f6ndagen den 7 juni kl.10:00.<\/p>\n\n\n\n<p>Vi b\u00f6rjar med samling till \u00e5rsm\u00f6te vid garagen vid gr\u00f6nomr\u00e5det.<br>D\u00e4refter tar v\u00e5rst\u00e4dningen vid och sedan r\u00e4knar vi med korvgrillning kring lunch.<br>Korv med tillbeh\u00f6r och dryck kommer att finnas d\u00e4r precis som under tidigare \u00e5r.<br>Vi forts\u00e4tter sedan med st\u00e4dningen tills vi k\u00e4nner oss klara och allt \u00e4r genomg\u00e5nget.<\/p>\n\n\n\n<p>Beh\u00f6ver n\u00e5got \u00e5tg\u00e4rdas i ert n\u00e4romr\u00e5de, kontakta d\u00e5 styrelsen i god tid s\u00e5 att vi kan best\u00e4lla material mm.<\/p>\n","protected":false},"excerpt":{"rendered":"<p>V\u00e5ren b\u00f6rjar n\u00e4rma sig och d\u00e5 \u00e4r det dags f\u00f6r \u00e5rsm\u00f6te med efterf\u00f6ljande v\u00e5r\/sommarst\u00e4dning. Dock blir denna f\u00f6rskjuten en aning pga Coronaspridningen.Styrelsen vore v\u00e4ldigt tacksam om vi hj\u00e4lps \u00e5t att sopa bort grus mm s\u00e5 fort det blir lite varmare &hellip; <a href=\"https:\/\/asakroken.sv7.se\/?p=308\">Forts\u00e4tt l\u00e4sa <span class=\"meta-nav\">&rarr;<\/span><\/a><\/p>\n","protected":false},"author":5,"featured_media":0,"comment_status":"open","ping_status":"open","sticky":false,"template":"","format":"standard","meta":{"footnotes":""},"categories":[1],"tags":[],"class_list":["post-308","post","type-post","status-publish","format-standard","hentry","category-uncategorized"],"_links":{"self":[{"href":"https:\/\/asakroken.sv7.se\/index.php?rest_route=\/wp\/v2\/posts\/308","targetHints":{"allow":["GET"]}}],"collection":[{"href":"https:\/\/asakroken.sv7.se\/index.php?rest_route=\/wp\/v2\/posts"}],"about":[{"href":"https:\/\/asakroken.sv7.se\/index.php?rest_route=\/wp\/v2\/types\/post"}],"author":[{"embeddable":true,"href":"https:\/\/asakroken.sv7.se\/index.php?rest_route=\/wp\/v2\/users\/5"}],"replies":[{"embeddable":true,"href":"https:\/\/asakroken.sv7.se\/index.php?rest_route=%2Fwp%2Fv2%2Fcomments&post=308"}],"version-history":[{"count":1,"href":"https:\/\/asakroken.sv7.se\/index.php?rest_route=\/wp\/v2\/posts\/308\/revisions"}],"predecessor-version":[{"id":310,"href":"https:\/\/asakroken.sv7.se\/index.php?rest_route=\/wp\/v2\/posts\/308\/revisions\/310"}],"wp:attachment":[{"href":"https:\/\/asakroken.sv7.se\/index.php?rest_route=%2Fwp%2Fv2%2Fmedia&parent=308"}],"wp:term":[{"taxonomy":"category","embeddable":true,"href":"https:\/\/asakroken.sv7.se\/index.php?rest_route=%2Fwp%2Fv2%2Fcategories&post=308"},{"taxonomy":"post_tag","embeddable":true,"href":"https:\/\/asakroken.sv7.se\/index.php?rest_route=%2Fwp%2Fv2%2Ftags&post=308"}],"curies":[{"name":"wp","href":"https:\/\/api.w.org\/{rel}","templated":true}]}}