{"id":345,"date":"2020-08-06T07:28:01","date_gmt":"2020-08-06T05:28:01","guid":{"rendered":"https:\/\/asakroken.sv7.se\/?p=345"},"modified":"2020-08-24T22:23:07","modified_gmt":"2020-08-24T20:23:07","slug":"robotgrasklippare-pa-gronomradet","status":"publish","type":"post","link":"https:\/\/asakroken.sv7.se\/?p=345","title":{"rendered":"Robotgr\u00e4sklippare p\u00e5 gr\u00f6nomr\u00e5det"},"content":{"rendered":"\n<figure class=\"wp-block-image\"><img loading=\"lazy\" decoding=\"async\" width=\"272\" height=\"185\" src=\"https:\/\/asakroken.sv7.se\/wp-content\/uploads\/2020\/08\/images.jpeg\" alt=\"\" class=\"wp-image-347\"\/><\/figure>\n\n\n\n<figure class=\"wp-block-image\"><img loading=\"lazy\" decoding=\"async\" width=\"1024\" height=\"768\" src=\"https:\/\/asakroken.sv7.se\/wp-content\/uploads\/2020\/08\/20200703_065321-1024x768.jpg\" alt=\"\" class=\"wp-image-346\" srcset=\"https:\/\/asakroken.sv7.se\/wp-content\/uploads\/2020\/08\/20200703_065321-1024x768.jpg 1024w, https:\/\/asakroken.sv7.se\/wp-content\/uploads\/2020\/08\/20200703_065321-300x225.jpg 300w, https:\/\/asakroken.sv7.se\/wp-content\/uploads\/2020\/08\/20200703_065321-768x576.jpg 768w\" sizes=\"auto, (max-width: 1024px) 100vw, 1024px\" \/><\/figure>\n\n\n\n<p>Robotgr\u00e4sklipparen \u00e4r nu installerad p\u00e5 gr\u00f6nomr\u00e5det och sl\u00e4nten nedanf\u00f6r.<br> Sammanst\u00e4ller lite info h\u00e4r.<\/p>\n\n\n\n<p>Klippomr\u00e5de enligt skissen, dock optimerad med viss ut\u00f6kning. Hela omr\u00e5det blir klippt. Enda frizonen \u00e4r &#8221;R\u00f6rl\u00e4ggarens&#8221; parkering som klipparen rundar. Parkering ej l\u00e4mpligt p\u00e5 gr\u00e4smattan. Skador p\u00e5 bilar betalas ej av samf\u00e4lligheten, ers\u00e4ttning f\u00f6r ex. \u00f6verk\u00f6rd klippare kan kr\u00e4vas in av \u00e4garen till bilen mm. Stor risk att klippare fastnar under bilen osv. Klippning sker \u00e4ven runt stenarna \u00e4nda ut till v\u00e4gkanten. Ovanf\u00f6r lyktstolpen sker ej klippning s\u00e5 d\u00e4r kan man fortfarande parkera.<\/p>\n\n\n\n<p>Elf\u00f6rs\u00f6rjningen till laddstationen \u00e4r tillf\u00e4llig tills vi f\u00e5r en riktig genomf\u00f6rd. <br>\nTack till vederb\u00f6rande som l\u00e5nar ut uttaget i garaget till detta. Vore tacksam om vi hj\u00e4lps \u00e5t att kolla s\u00e5 att kabeln (plankorna) inte ligger fel vid \u00f6verfarten.<\/p>\n\n\n\n<p>Klipptider:<br> M\u00e5n-fre 08:00-14:00.<br> L\u00f6r-s\u00f6n 08:00-10:00.<br> Utnyttjande av ytan ej l\u00e4mplig under denna tid.<br> Klipptid ca 2h, laddning 1h.<\/p>\n\n\n\n<p><strong>Gul vecka g\u00e4ller fortfarande (v.20 &#8211; 40).<br>Allt som klipparen inte kommer \u00e5t skall nu sk\u00f6tas under gul vecka (se sk\u00f6tselschema).<\/strong> <br>Man l\u00e4r m\u00e4rka vad som inte blir klippt. Anv\u00e4nd helst v\u00e5r ordinarie gr\u00e4sklippare f\u00f6r att klippa intill buskar och kanter osv. som roboten inte kommer \u00e5t. Var f\u00f6rsiktig om ni anv\u00e4nder trimmer s\u00e5 att slingtr\u00e5den inte kapas. Klipparen klipper ca 20 cm utanf\u00f6r lagd tr\u00e5d s\u00e5 det blir inte mycket man beh\u00f6ver justera.<\/p>\n\n\n\n<p>Mvh Styrelsen<\/p>\n","protected":false},"excerpt":{"rendered":"<p>Robotgr\u00e4sklipparen \u00e4r nu installerad p\u00e5 gr\u00f6nomr\u00e5det och sl\u00e4nten nedanf\u00f6r. Sammanst\u00e4ller lite info h\u00e4r. Klippomr\u00e5de enligt skissen, dock optimerad med viss ut\u00f6kning. Hela omr\u00e5det blir klippt. Enda frizonen \u00e4r &#8221;R\u00f6rl\u00e4ggarens&#8221; parkering som klipparen rundar. Parkering ej l\u00e4mpligt p\u00e5 gr\u00e4smattan. Skador p\u00e5 &hellip; <a href=\"https:\/\/asakroken.sv7.se\/?p=345\">Forts\u00e4tt l\u00e4sa <span class=\"meta-nav\">&rarr;<\/span><\/a><\/p>\n","protected":false},"author":5,"featured_media":0,"comment_status":"open","ping_status":"open","sticky":false,"template":"","format":"standard","meta":{"footnotes":""},"categories":[1],"tags":[],"class_list":["post-345","post","type-post","status-publish","format-standard","hentry","category-uncategorized"],"_links":{"self":[{"href":"https:\/\/asakroken.sv7.se\/index.php?rest_route=\/wp\/v2\/posts\/345","targetHints":{"allow":["GET"]}}],"collection":[{"href":"https:\/\/asakroken.sv7.se\/index.php?rest_route=\/wp\/v2\/posts"}],"about":[{"href":"https:\/\/asakroken.sv7.se\/index.php?rest_route=\/wp\/v2\/types\/post"}],"author":[{"embeddable":true,"href":"https:\/\/asakroken.sv7.se\/index.php?rest_route=\/wp\/v2\/users\/5"}],"replies":[{"embeddable":true,"href":"https:\/\/asakroken.sv7.se\/index.php?rest_route=%2Fwp%2Fv2%2Fcomments&post=345"}],"version-history":[{"count":4,"href":"https:\/\/asakroken.sv7.se\/index.php?rest_route=\/wp\/v2\/posts\/345\/revisions"}],"predecessor-version":[{"id":356,"href":"https:\/\/asakroken.sv7.se\/index.php?rest_route=\/wp\/v2\/posts\/345\/revisions\/356"}],"wp:attachment":[{"href":"https:\/\/asakroken.sv7.se\/index.php?rest_route=%2Fwp%2Fv2%2Fmedia&parent=345"}],"wp:term":[{"taxonomy":"category","embeddable":true,"href":"https:\/\/asakroken.sv7.se\/index.php?rest_route=%2Fwp%2Fv2%2Fcategories&post=345"},{"taxonomy":"post_tag","embeddable":true,"href":"https:\/\/asakroken.sv7.se\/index.php?rest_route=%2Fwp%2Fv2%2Ftags&post=345"}],"curies":[{"name":"wp","href":"https:\/\/api.w.org\/{rel}","templated":true}]}}