{"id":364,"date":"2021-04-09T07:33:16","date_gmt":"2021-04-09T05:33:16","guid":{"rendered":"https:\/\/asakroken.sv7.se\/?p=364"},"modified":"2021-04-09T07:33:16","modified_gmt":"2021-04-09T05:33:16","slug":"varstadning-samt-arsmote-9-maj","status":"publish","type":"post","link":"https:\/\/asakroken.sv7.se\/?p=364","title":{"rendered":"V\u00e5rst\u00e4dning samt \u00e5rsm\u00f6te 9 maj."},"content":{"rendered":"\n<figure class=\"wp-block-image\"><img loading=\"lazy\" decoding=\"async\" width=\"416\" height=\"416\" src=\"https:\/\/asakroken.sv7.se\/wp-content\/uploads\/2021\/04\/image.png\" alt=\"\" class=\"wp-image-365\" srcset=\"https:\/\/asakroken.sv7.se\/wp-content\/uploads\/2021\/04\/image.png 416w, https:\/\/asakroken.sv7.se\/wp-content\/uploads\/2021\/04\/image-150x150.png 150w, https:\/\/asakroken.sv7.se\/wp-content\/uploads\/2021\/04\/image-300x300.png 300w\" sizes=\"auto, (max-width: 416px) 100vw, 416px\" \/><\/figure>\n\n\n\n<p><em><strong>V\u00e5rst\u00e4dning\/\u00c5rsm\u00f6te<\/strong><\/em> <\/p>\n\n\n\n<p>Dags f\u00f6r \u00e5rsm\u00f6te med efterf\u00f6ljande\nv\u00e5rst\u00e4dning.<\/p>\n\n\n\n<p><strong>S\u00f6ndagen den 9 maj kl.10:00.<\/strong><\/p>\n\n\n\n<p>Vi b\u00f6rjar med samling till \u00e5rsm\u00f6te\nvid garagen vid gr\u00f6nomr\u00e5det.<br>\nD\u00e4refter blir det v\u00e5rst\u00e4dningen, dock ingen korvgrillning pga pandemin.<br>\nVi forts\u00e4tter sedan med st\u00e4dningen tills vi k\u00e4nner oss klara och allt \u00e4r\ngenomg\u00e5nget.<\/p>\n\n\n\n<p>Beh\u00f6ver n\u00e5got \u00e5tg\u00e4rdas i ert\nn\u00e4romr\u00e5de, kontakta d\u00e5 styrelsen i god tid s\u00e5 att vi kan best\u00e4lla material mm.<\/p>\n\n\n\n<p>Mvh Styrelsen <\/p>\n","protected":false},"excerpt":{"rendered":"<p>V\u00e5rst\u00e4dning\/\u00c5rsm\u00f6te Dags f\u00f6r \u00e5rsm\u00f6te med efterf\u00f6ljande v\u00e5rst\u00e4dning. S\u00f6ndagen den 9 maj kl.10:00. Vi b\u00f6rjar med samling till \u00e5rsm\u00f6te vid garagen vid gr\u00f6nomr\u00e5det. D\u00e4refter blir det v\u00e5rst\u00e4dningen, dock ingen korvgrillning pga pandemin. Vi forts\u00e4tter sedan med st\u00e4dningen tills vi k\u00e4nner oss &hellip; <a href=\"https:\/\/asakroken.sv7.se\/?p=364\">Forts\u00e4tt l\u00e4sa <span class=\"meta-nav\">&rarr;<\/span><\/a><\/p>\n","protected":false},"author":5,"featured_media":0,"comment_status":"open","ping_status":"open","sticky":false,"template":"","format":"standard","meta":{"footnotes":""},"categories":[1],"tags":[],"class_list":["post-364","post","type-post","status-publish","format-standard","hentry","category-uncategorized"],"_links":{"self":[{"href":"https:\/\/asakroken.sv7.se\/index.php?rest_route=\/wp\/v2\/posts\/364","targetHints":{"allow":["GET"]}}],"collection":[{"href":"https:\/\/asakroken.sv7.se\/index.php?rest_route=\/wp\/v2\/posts"}],"about":[{"href":"https:\/\/asakroken.sv7.se\/index.php?rest_route=\/wp\/v2\/types\/post"}],"author":[{"embeddable":true,"href":"https:\/\/asakroken.sv7.se\/index.php?rest_route=\/wp\/v2\/users\/5"}],"replies":[{"embeddable":true,"href":"https:\/\/asakroken.sv7.se\/index.php?rest_route=%2Fwp%2Fv2%2Fcomments&post=364"}],"version-history":[{"count":1,"href":"https:\/\/asakroken.sv7.se\/index.php?rest_route=\/wp\/v2\/posts\/364\/revisions"}],"predecessor-version":[{"id":366,"href":"https:\/\/asakroken.sv7.se\/index.php?rest_route=\/wp\/v2\/posts\/364\/revisions\/366"}],"wp:attachment":[{"href":"https:\/\/asakroken.sv7.se\/index.php?rest_route=%2Fwp%2Fv2%2Fmedia&parent=364"}],"wp:term":[{"taxonomy":"category","embeddable":true,"href":"https:\/\/asakroken.sv7.se\/index.php?rest_route=%2Fwp%2Fv2%2Fcategories&post=364"},{"taxonomy":"post_tag","embeddable":true,"href":"https:\/\/asakroken.sv7.se\/index.php?rest_route=%2Fwp%2Fv2%2Ftags&post=364"}],"curies":[{"name":"wp","href":"https:\/\/api.w.org\/{rel}","templated":true}]}}