{"id":368,"date":"2021-05-03T19:24:07","date_gmt":"2021-05-03T17:24:07","guid":{"rendered":"https:\/\/asakroken.sv7.se\/?p=368"},"modified":"2021-05-03T19:24:07","modified_gmt":"2021-05-03T17:24:07","slug":"skotsel-av-omradet","status":"publish","type":"post","link":"https:\/\/asakroken.sv7.se\/?p=368","title":{"rendered":"Sk\u00f6tsel av omr\u00e5det."},"content":{"rendered":"\n<figure class=\"wp-block-image\"><img loading=\"lazy\" decoding=\"async\" width=\"211\" height=\"239\" src=\"https:\/\/asakroken.sv7.se\/wp-content\/uploads\/2021\/05\/Gr\u00e4s\u00e4ngar.jpg\" alt=\"\" class=\"wp-image-369\"\/><\/figure>\n\n\n\n<p>Infobladet p\u00e5 hemsidan under &#8221;Dokument&#8221; \u00e4r uppdaterad.<br>Den \u00e4r mer detaljerad \u00e4n den lite kortare varianten som finns p\u00e5 anslagstavlorna.<br>F\u00f6ljande har justerats.<\/p>\n\n\n\n<p>Omr\u00e5det \u00e4r uppdelat i 6st omr\u00e5den. P\u00e5 hemsidan finns 2st dokument som talar om vilket omr\u00e5de ni tillh\u00f6r samt under vilka veckor ni skall sk\u00f6ta om dessa genom bland annat gr\u00e4sklippning, trimning d\u00e4r gr\u00e4sklipparen inte kommer \u00e5t, vattna utst\u00e4llda blomkrukor samt \u00e4ven l\u00e4mna omr\u00e5det v\u00e4lsk\u00f6tt efter sig innan man \u00e4r klar. <br>Arbetet \u00e4r uppdelat p\u00e5 gr\u00f6n respektive gul vecka..<\/p>\n\n\n\n<p><strong>Sk\u00f6tselomr\u00e5den:<\/strong> visar omr\u00e5det samt gr\u00e4sytorna.<\/p>\n\n\n\n<p><strong>Sk\u00f6tselschema<\/strong>: visar vilka veckor som g\u00e4ller f\u00f6r ert hush\u00e5ll. <br>Gr\u00f6n vecka inneb\u00e4r ert ordinarie omr\u00e5de.<br>Gul vecka inneb\u00e4r ert ordinarie omr\u00e5de + gr\u00f6nomr\u00e5det.<\/p>\n\n\n\n<p>Gr\u00f6nomr\u00e5det sk\u00f6ts tillsammans av 2-3 hush\u00e5ll. <br>Se efter vilka som har samma gula veckonummer och ta kontakt i god tid.<\/p>\n\n\n\n<p>Gr\u00f6nomr\u00e5det har\nnumera en robotgr\u00e4sklippare men under eran gula vecka klipper ni\nkanterna mm d\u00e4r robotklipparen inte kommer \u00e5t. Manuell\ngr\u00e4sklippning av gr\u00f6nomr\u00e5det skall ske med motorgr\u00e4sklipparen om\nrobotklipparen \u00e4r p\u00e5 service eller av annan orsak inte kan nyttjas.<\/p>\n\n\n\n<p>Var f\u00f6rsiktiga\nvid trimning av gr\u00f6nomr\u00e5det s\u00e5 att ni inte klipper av\nbegr\u00e4nsningstr\u00e5den till robotklipparen (ligger ca 20cm innanf\u00f6r\ngr\u00e4skanten och n\u00e5gon enstaka cm djupt).<\/p>\n","protected":false},"excerpt":{"rendered":"<p>Infobladet p\u00e5 hemsidan under &#8221;Dokument&#8221; \u00e4r uppdaterad.Den \u00e4r mer detaljerad \u00e4n den lite kortare varianten som finns p\u00e5 anslagstavlorna.F\u00f6ljande har justerats. Omr\u00e5det \u00e4r uppdelat i 6st omr\u00e5den. P\u00e5 hemsidan finns 2st dokument som talar om vilket omr\u00e5de ni tillh\u00f6r samt &hellip; <a href=\"https:\/\/asakroken.sv7.se\/?p=368\">Forts\u00e4tt l\u00e4sa <span class=\"meta-nav\">&rarr;<\/span><\/a><\/p>\n","protected":false},"author":5,"featured_media":0,"comment_status":"open","ping_status":"open","sticky":false,"template":"","format":"standard","meta":{"footnotes":""},"categories":[1],"tags":[],"class_list":["post-368","post","type-post","status-publish","format-standard","hentry","category-uncategorized"],"_links":{"self":[{"href":"https:\/\/asakroken.sv7.se\/index.php?rest_route=\/wp\/v2\/posts\/368","targetHints":{"allow":["GET"]}}],"collection":[{"href":"https:\/\/asakroken.sv7.se\/index.php?rest_route=\/wp\/v2\/posts"}],"about":[{"href":"https:\/\/asakroken.sv7.se\/index.php?rest_route=\/wp\/v2\/types\/post"}],"author":[{"embeddable":true,"href":"https:\/\/asakroken.sv7.se\/index.php?rest_route=\/wp\/v2\/users\/5"}],"replies":[{"embeddable":true,"href":"https:\/\/asakroken.sv7.se\/index.php?rest_route=%2Fwp%2Fv2%2Fcomments&post=368"}],"version-history":[{"count":1,"href":"https:\/\/asakroken.sv7.se\/index.php?rest_route=\/wp\/v2\/posts\/368\/revisions"}],"predecessor-version":[{"id":370,"href":"https:\/\/asakroken.sv7.se\/index.php?rest_route=\/wp\/v2\/posts\/368\/revisions\/370"}],"wp:attachment":[{"href":"https:\/\/asakroken.sv7.se\/index.php?rest_route=%2Fwp%2Fv2%2Fmedia&parent=368"}],"wp:term":[{"taxonomy":"category","embeddable":true,"href":"https:\/\/asakroken.sv7.se\/index.php?rest_route=%2Fwp%2Fv2%2Fcategories&post=368"},{"taxonomy":"post_tag","embeddable":true,"href":"https:\/\/asakroken.sv7.se\/index.php?rest_route=%2Fwp%2Fv2%2Ftags&post=368"}],"curies":[{"name":"wp","href":"https:\/\/api.w.org\/{rel}","templated":true}]}}