{"id":445,"date":"2022-09-04T18:11:11","date_gmt":"2022-09-04T16:11:11","guid":{"rendered":"https:\/\/asakroken.sv7.se\/?p=445"},"modified":"2022-09-04T18:11:11","modified_gmt":"2022-09-04T16:11:11","slug":"en-eldsjal-flyttar","status":"publish","type":"post","link":"https:\/\/asakroken.sv7.se\/?p=445","title":{"rendered":"En eldsj\u00e4l flyttar."},"content":{"rendered":"\n<figure class=\"wp-block-image size-full is-resized\"><a href=\"https:\/\/asakroken.sv7.se\/wp-content\/uploads\/2022\/09\/IMG_46751.jpg\"><img loading=\"lazy\" decoding=\"async\" src=\"https:\/\/asakroken.sv7.se\/wp-content\/uploads\/2022\/09\/IMG_46751.jpg\" alt=\"\" class=\"wp-image-446\" width=\"461\" height=\"614\" srcset=\"https:\/\/asakroken.sv7.se\/wp-content\/uploads\/2022\/09\/IMG_46751.jpg 756w, https:\/\/asakroken.sv7.se\/wp-content\/uploads\/2022\/09\/IMG_46751-225x300.jpg 225w\" sizes=\"auto, (max-width: 461px) 100vw, 461px\" \/><\/a><\/figure>\n\n\n\n<p>Ig\u00e5r l\u00f6rdag l\u00e4mnade styrelsen \u00f6ver en blomma till dig Willi Kierdorf, fr\u00e5n oss alla som bor p\u00e5 \u00c5sakroken.<br><br>Det som ett litet tack f\u00f6r allt det stora ideella arbete som du gjort f\u00f6r oss Willi genom alla \u00e5r i denna samf\u00e4llighet. Initiativrik som f\u00e5, ide&#8217;-spruta till max och med talets g\u00e5va dessutom och \u00e4ven h\u00e4ndig till tusen.<\/p>\n\n\n\n<p>Imorgon m\u00e5ndag flyttar du till Bohusl\u00e4n d\u00e4r fru Carina redan v\u00e4ntar p\u00e5 dig. Till gl\u00e4dje f\u00f6r henne men till sorg f\u00f6r oss d\u00e5 det inneb\u00e4r att vi inte f\u00e5r h\u00f6ra dig mer st\u00e5 pratandes med en massa olika personer h\u00e4r p\u00e5 omr\u00e5det. Alltid lika glad och entusiastisk.<\/p>\n\n\n\n<p>Trots att allt det tunga som orsakar denna flytt s\u00e5 orkar du \u00e4nd\u00e5 prata dig varm om detta omr\u00e5de d\u00e5 vi pratades vid under s\u00f6ndagen. Till och med fortsatte du prata om framtiden f\u00f6r omr\u00e5det. Jag har nog aldrig tr\u00e4ffat en starkare personlighet \u00e4n dig och med en s\u00e5dan varm sj\u00e4l.<br><br>Styrelsen och hela \u00c5sakroken \u00f6nskar att ni skall kunna njuta av ert nya boende och att det skall ge er en upplevelse som ni m\u00e5r bra av.<br>Tack \u00e4n en g\u00e5ng f\u00f6r allt!<\/p>\n\n\n\n<p>Styrelsen<\/p>\n","protected":false},"excerpt":{"rendered":"<p>Ig\u00e5r l\u00f6rdag l\u00e4mnade styrelsen \u00f6ver en blomma till dig Willi Kierdorf, fr\u00e5n oss alla som bor p\u00e5 \u00c5sakroken. Det som ett litet tack f\u00f6r allt det stora ideella arbete som du gjort f\u00f6r oss Willi genom alla \u00e5r i denna &hellip; <a href=\"https:\/\/asakroken.sv7.se\/?p=445\">Forts\u00e4tt l\u00e4sa <span class=\"meta-nav\">&rarr;<\/span><\/a><\/p>\n","protected":false},"author":5,"featured_media":0,"comment_status":"open","ping_status":"open","sticky":false,"template":"","format":"standard","meta":{"footnotes":""},"categories":[1],"tags":[],"class_list":["post-445","post","type-post","status-publish","format-standard","hentry","category-uncategorized"],"_links":{"self":[{"href":"https:\/\/asakroken.sv7.se\/index.php?rest_route=\/wp\/v2\/posts\/445","targetHints":{"allow":["GET"]}}],"collection":[{"href":"https:\/\/asakroken.sv7.se\/index.php?rest_route=\/wp\/v2\/posts"}],"about":[{"href":"https:\/\/asakroken.sv7.se\/index.php?rest_route=\/wp\/v2\/types\/post"}],"author":[{"embeddable":true,"href":"https:\/\/asakroken.sv7.se\/index.php?rest_route=\/wp\/v2\/users\/5"}],"replies":[{"embeddable":true,"href":"https:\/\/asakroken.sv7.se\/index.php?rest_route=%2Fwp%2Fv2%2Fcomments&post=445"}],"version-history":[{"count":5,"href":"https:\/\/asakroken.sv7.se\/index.php?rest_route=\/wp\/v2\/posts\/445\/revisions"}],"predecessor-version":[{"id":451,"href":"https:\/\/asakroken.sv7.se\/index.php?rest_route=\/wp\/v2\/posts\/445\/revisions\/451"}],"wp:attachment":[{"href":"https:\/\/asakroken.sv7.se\/index.php?rest_route=%2Fwp%2Fv2%2Fmedia&parent=445"}],"wp:term":[{"taxonomy":"category","embeddable":true,"href":"https:\/\/asakroken.sv7.se\/index.php?rest_route=%2Fwp%2Fv2%2Fcategories&post=445"},{"taxonomy":"post_tag","embeddable":true,"href":"https:\/\/asakroken.sv7.se\/index.php?rest_route=%2Fwp%2Fv2%2Ftags&post=445"}],"curies":[{"name":"wp","href":"https:\/\/api.w.org\/{rel}","templated":true}]}}