{"id":453,"date":"2022-09-26T19:34:58","date_gmt":"2022-09-26T17:34:58","guid":{"rendered":"https:\/\/asakroken.sv7.se\/?p=453"},"modified":"2022-09-26T19:34:58","modified_gmt":"2022-09-26T17:34:58","slug":"hoststadning-23-oktober","status":"publish","type":"post","link":"https:\/\/asakroken.sv7.se\/?p=453","title":{"rendered":"H\u00f6stst\u00e4dning 23 oktober"},"content":{"rendered":"\n<figure class=\"wp-block-image size-full\"><a href=\"https:\/\/asakroken.sv7.se\/wp-content\/uploads\/2022\/09\/image.png\"><img loading=\"lazy\" decoding=\"async\" width=\"259\" height=\"194\" src=\"https:\/\/asakroken.sv7.se\/wp-content\/uploads\/2022\/09\/image.png\" alt=\"\" class=\"wp-image-454\"\/><\/a><\/figure>\n\n\n\n<p>Nu \u00e4r det \u00e5ter h\u00f6st och vi genomf\u00f6r som vanligt en \u00e5rlig h\u00f6stst\u00e4dning f\u00f6r att beh\u00e5lla ett trivsamt omr\u00e5de.<br><br><strong>S\u00f6ndagen den 23 oktober kl.10:00.<\/strong><\/p>\n\n\n\n<p>Vi samlas vid gr\u00f6nomr\u00e5dets som vi brukar g\u00f6ra.<br>Efter en snabb genomg\u00e5ng sprider vi ut oss f\u00f6r att sopa gator, st\u00e4da upp kring lekplatser och i sandl\u00e5dor, klippa gr\u00e4s och h\u00e4ckar vid behov. Blomkrukor plockas undan osv.<\/p>\n\n\n\n<p>Denna g\u00e5ng har vi \u00e4ven t\u00e4nkt att placera ut hybridgr\u00e4smattor p\u00e5 gr\u00f6nomr\u00e5det f\u00f6r att robotgr\u00e4sklipparen skall f\u00e5 b\u00e4ttre f\u00e4ste i backarna. Dessa \u00f6vert\u00e4cks med jord och gr\u00e4sfr\u00f6n l\u00e4ggs p\u00e5 f\u00f6r att vi till v\u00e5ren skall f\u00e5 ett s\u00e5 bra underlag som m\u00f6jligt. Det har bildats en del gropar d\u00e5 den har slirat lite f\u00f6r mycket.<\/p>\n\n\n\n<p>Viktigt att alla \u00e4r med \u00e4nda tills vi g\u00e5tt igenom hela omr\u00e5det.<br>Alla beh\u00f6vs f\u00f6r att vi skall h\u00e5lla v\u00e5rat omr\u00e5de trivsamt!<\/p>\n\n\n\n<p>Styrelsen<\/p>\n\n\n\n<figure class=\"wp-block-image size-full\"><a href=\"https:\/\/asakroken.sv7.se\/wp-content\/uploads\/2022\/09\/image-1.png\"><img loading=\"lazy\" decoding=\"async\" width=\"335\" height=\"150\" src=\"https:\/\/asakroken.sv7.se\/wp-content\/uploads\/2022\/09\/image-1.png\" alt=\"\" class=\"wp-image-455\" srcset=\"https:\/\/asakroken.sv7.se\/wp-content\/uploads\/2022\/09\/image-1.png 335w, https:\/\/asakroken.sv7.se\/wp-content\/uploads\/2022\/09\/image-1-300x134.png 300w\" sizes=\"auto, (max-width: 335px) 100vw, 335px\" \/><\/a><\/figure>\n","protected":false},"excerpt":{"rendered":"<p>Nu \u00e4r det \u00e5ter h\u00f6st och vi genomf\u00f6r som vanligt en \u00e5rlig h\u00f6stst\u00e4dning f\u00f6r att beh\u00e5lla ett trivsamt omr\u00e5de. S\u00f6ndagen den 23 oktober kl.10:00. Vi samlas vid gr\u00f6nomr\u00e5dets som vi brukar g\u00f6ra.Efter en snabb genomg\u00e5ng sprider vi ut oss f\u00f6r &hellip; <a href=\"https:\/\/asakroken.sv7.se\/?p=453\">Forts\u00e4tt l\u00e4sa <span class=\"meta-nav\">&rarr;<\/span><\/a><\/p>\n","protected":false},"author":5,"featured_media":0,"comment_status":"open","ping_status":"open","sticky":false,"template":"","format":"standard","meta":{"footnotes":""},"categories":[1],"tags":[],"class_list":["post-453","post","type-post","status-publish","format-standard","hentry","category-uncategorized"],"_links":{"self":[{"href":"https:\/\/asakroken.sv7.se\/index.php?rest_route=\/wp\/v2\/posts\/453","targetHints":{"allow":["GET"]}}],"collection":[{"href":"https:\/\/asakroken.sv7.se\/index.php?rest_route=\/wp\/v2\/posts"}],"about":[{"href":"https:\/\/asakroken.sv7.se\/index.php?rest_route=\/wp\/v2\/types\/post"}],"author":[{"embeddable":true,"href":"https:\/\/asakroken.sv7.se\/index.php?rest_route=\/wp\/v2\/users\/5"}],"replies":[{"embeddable":true,"href":"https:\/\/asakroken.sv7.se\/index.php?rest_route=%2Fwp%2Fv2%2Fcomments&post=453"}],"version-history":[{"count":2,"href":"https:\/\/asakroken.sv7.se\/index.php?rest_route=\/wp\/v2\/posts\/453\/revisions"}],"predecessor-version":[{"id":457,"href":"https:\/\/asakroken.sv7.se\/index.php?rest_route=\/wp\/v2\/posts\/453\/revisions\/457"}],"wp:attachment":[{"href":"https:\/\/asakroken.sv7.se\/index.php?rest_route=%2Fwp%2Fv2%2Fmedia&parent=453"}],"wp:term":[{"taxonomy":"category","embeddable":true,"href":"https:\/\/asakroken.sv7.se\/index.php?rest_route=%2Fwp%2Fv2%2Fcategories&post=453"},{"taxonomy":"post_tag","embeddable":true,"href":"https:\/\/asakroken.sv7.se\/index.php?rest_route=%2Fwp%2Fv2%2Ftags&post=453"}],"curies":[{"name":"wp","href":"https:\/\/api.w.org\/{rel}","templated":true}]}}