{"id":471,"date":"2023-02-06T21:13:48","date_gmt":"2023-02-06T20:13:48","guid":{"rendered":"https:\/\/asakroken.sv7.se\/?p=471"},"modified":"2023-02-06T21:13:48","modified_gmt":"2023-02-06T20:13:48","slug":"har-kommer-lite-info-regler-om-vad-som-galler-var-sophantering-pa-asakroken","status":"publish","type":"post","link":"https:\/\/asakroken.sv7.se\/?p=471","title":{"rendered":"<strong>H\u00e4r kommer lite info\/regler om vad som g\u00e4ller v\u00e5r sophantering p\u00e5 \u00c5sakroken.<\/strong>\u00a0"},"content":{"rendered":"\n<p>Alla sopk\u00e4rl skall placeras vid respektive hus och de hus som har garage i l\u00e4nga skall k\u00f6ra ut k\u00e4rlen till den gemensamma uppst\u00e4llningsplatser p\u00e5 t\u00f6mningsdagen.&nbsp;<\/p>\n\n\n\n<p>N\u00e4r man placerat k\u00e4rlen p\u00e5 platsen, se samtidigt till att locken \u00e4r st\u00e4ngda ordentligt.&nbsp;<\/p>\n\n\n\n<p>Detta betyder allts\u00e5 att inga sopk\u00e4rl f\u00e5r placeras vid garagen i l\u00e4nga.&nbsp;<\/p>\n\n\n\n<p>K\u00e4rlen f\u00e5r heller inte placeras i v\u00e5ra garage.&nbsp;<\/p>\n\n\n\n<p>Det \u00e4r en rad anledningar som ligger bakom dessa regler:&nbsp;<\/p>\n\n\n\n<p>Sopk\u00e4rlen hindrar att sn\u00f6skottningen kan sk\u00f6tas fullt ut.&nbsp;<\/p>\n\n\n\n<p>Det blir tr\u00e5ngt f\u00f6r bilarna som skall in i garagen, risk f\u00f6r olyckor.&nbsp;<\/p>\n\n\n\n<p>Sopor drar till sig f\u00e5glar, ohyra, lukt etc..&nbsp;<\/p>\n\n\n\n<p>Bor\u00e5s Energi &amp;Milj\u00f6 vill att sophanteringen skall sk\u00f6tas som den tidigare gjorts i v\u00e5rt omr\u00e5de vilket betyder att k\u00e4rlen kommer att t\u00f6mmas vid den gemensamma parkeringen.&nbsp;<\/p>\n\n\n\n<p>Vi \u00f6nskar med detta utskick att vi alla f\u00f6ljer detta och med det visar respekt gentemot varandra.&nbsp;<\/p>\n\n\n\n<figure class=\"wp-block-image size-full is-resized\"><a href=\"https:\/\/asakroken.sv7.se\/wp-content\/uploads\/2023\/02\/Soptunnor.jpg\"><img loading=\"lazy\" decoding=\"async\" src=\"https:\/\/asakroken.sv7.se\/wp-content\/uploads\/2023\/02\/Soptunnor.jpg\" alt=\"\" class=\"wp-image-472\" width=\"667\" height=\"139\" srcset=\"https:\/\/asakroken.sv7.se\/wp-content\/uploads\/2023\/02\/Soptunnor.jpg 492w, https:\/\/asakroken.sv7.se\/wp-content\/uploads\/2023\/02\/Soptunnor-300x62.jpg 300w\" sizes=\"auto, (max-width: 667px) 100vw, 667px\" \/><\/a><\/figure>\n\n\n\n<p>\/\/Styrelsen \u00c5sakrokens Samf\u00e4llighet\u00a0<\/p>\n","protected":false},"excerpt":{"rendered":"<p>Alla sopk\u00e4rl skall placeras vid respektive hus och de hus som har garage i l\u00e4nga skall k\u00f6ra ut k\u00e4rlen till den gemensamma uppst\u00e4llningsplatser p\u00e5 t\u00f6mningsdagen.&nbsp; N\u00e4r man placerat k\u00e4rlen p\u00e5 platsen, se samtidigt till att locken \u00e4r st\u00e4ngda ordentligt.&nbsp; Detta &hellip; <a href=\"https:\/\/asakroken.sv7.se\/?p=471\">Forts\u00e4tt l\u00e4sa <span class=\"meta-nav\">&rarr;<\/span><\/a><\/p>\n","protected":false},"author":5,"featured_media":0,"comment_status":"open","ping_status":"open","sticky":false,"template":"","format":"standard","meta":{"footnotes":""},"categories":[1],"tags":[],"class_list":["post-471","post","type-post","status-publish","format-standard","hentry","category-uncategorized"],"_links":{"self":[{"href":"https:\/\/asakroken.sv7.se\/index.php?rest_route=\/wp\/v2\/posts\/471","targetHints":{"allow":["GET"]}}],"collection":[{"href":"https:\/\/asakroken.sv7.se\/index.php?rest_route=\/wp\/v2\/posts"}],"about":[{"href":"https:\/\/asakroken.sv7.se\/index.php?rest_route=\/wp\/v2\/types\/post"}],"author":[{"embeddable":true,"href":"https:\/\/asakroken.sv7.se\/index.php?rest_route=\/wp\/v2\/users\/5"}],"replies":[{"embeddable":true,"href":"https:\/\/asakroken.sv7.se\/index.php?rest_route=%2Fwp%2Fv2%2Fcomments&post=471"}],"version-history":[{"count":2,"href":"https:\/\/asakroken.sv7.se\/index.php?rest_route=\/wp\/v2\/posts\/471\/revisions"}],"predecessor-version":[{"id":474,"href":"https:\/\/asakroken.sv7.se\/index.php?rest_route=\/wp\/v2\/posts\/471\/revisions\/474"}],"wp:attachment":[{"href":"https:\/\/asakroken.sv7.se\/index.php?rest_route=%2Fwp%2Fv2%2Fmedia&parent=471"}],"wp:term":[{"taxonomy":"category","embeddable":true,"href":"https:\/\/asakroken.sv7.se\/index.php?rest_route=%2Fwp%2Fv2%2Fcategories&post=471"},{"taxonomy":"post_tag","embeddable":true,"href":"https:\/\/asakroken.sv7.se\/index.php?rest_route=%2Fwp%2Fv2%2Ftags&post=471"}],"curies":[{"name":"wp","href":"https:\/\/api.w.org\/{rel}","templated":true}]}}