{"id":481,"date":"2023-04-11T22:05:13","date_gmt":"2023-04-11T20:05:13","guid":{"rendered":"https:\/\/asakroken.sv7.se\/?p=481"},"modified":"2023-04-11T22:05:13","modified_gmt":"2023-04-11T20:05:13","slug":"varstadning-samt-arsmote-och-grillning","status":"publish","type":"post","link":"https:\/\/asakroken.sv7.se\/?p=481","title":{"rendered":"V\u00e5rst\u00e4dning samt \u00e5rsm\u00f6te och grillning."},"content":{"rendered":"\n<figure class=\"wp-block-image size-full is-resized\"><a href=\"https:\/\/asakroken.sv7.se\/wp-content\/uploads\/2023\/04\/Varstadning3.jpg\"><img loading=\"lazy\" decoding=\"async\" src=\"https:\/\/asakroken.sv7.se\/wp-content\/uploads\/2023\/04\/Varstadning3.jpg\" alt=\"\" class=\"wp-image-482\" width=\"503\" height=\"282\"\/><\/a><\/figure>\n\n\n\n<p>Nu \u00e4r v\u00e5ren h\u00e4r och d\u00e4rmed dags f\u00f6r \u00e5rsm\u00f6te med efterf\u00f6ljande v\u00e5rst\u00e4dning.<\/p>\n\n\n\n<p><strong>S\u00f6ndagen den 7 maj kl.10:00.<\/strong><\/p>\n\n\n\n<p>Vi inleder st\u00e4ddagen med ett \u00e5rsm\u00f6te och samlas d\u00e5 vid garage-l\u00e4ngan j\u00e4mte gr\u00f6nomr\u00e5det.<br>N\u00e4r m\u00f6tet \u00e4r klart \u00f6verg\u00e5r vi till v\u00e5rst\u00e4dningen.<br><br>Denna g\u00e5ng har vi t\u00e4nkt \u00e5teruppta den gemensamma korvgrillningen kring lunch.<br>Korv (\u00e4ven vegetarisk) med tillbeh\u00f6r och dryck kommer att finnas d\u00e4r till alla.<br>Efter denna paus forts\u00e4tter vi st\u00e4dningen av omr\u00e5det tills vi k\u00e4nner oss klara och allt \u00e4r i prima skick.<\/p>\n\n\n\n<p>Beh\u00f6ver n\u00e5got \u00e5tg\u00e4rdas i ert n\u00e4romr\u00e5de, kontakta d\u00e5 styrelsen i god tid s\u00e5 att vi kan best\u00e4lla material mm.<\/p>\n","protected":false},"excerpt":{"rendered":"<p>Nu \u00e4r v\u00e5ren h\u00e4r och d\u00e4rmed dags f\u00f6r \u00e5rsm\u00f6te med efterf\u00f6ljande v\u00e5rst\u00e4dning. S\u00f6ndagen den 7 maj kl.10:00. Vi inleder st\u00e4ddagen med ett \u00e5rsm\u00f6te och samlas d\u00e5 vid garage-l\u00e4ngan j\u00e4mte gr\u00f6nomr\u00e5det.N\u00e4r m\u00f6tet \u00e4r klart \u00f6verg\u00e5r vi till v\u00e5rst\u00e4dningen. Denna g\u00e5ng har &hellip; <a href=\"https:\/\/asakroken.sv7.se\/?p=481\">Forts\u00e4tt l\u00e4sa <span class=\"meta-nav\">&rarr;<\/span><\/a><\/p>\n","protected":false},"author":5,"featured_media":0,"comment_status":"open","ping_status":"open","sticky":false,"template":"","format":"standard","meta":{"footnotes":""},"categories":[1],"tags":[],"class_list":["post-481","post","type-post","status-publish","format-standard","hentry","category-uncategorized"],"_links":{"self":[{"href":"https:\/\/asakroken.sv7.se\/index.php?rest_route=\/wp\/v2\/posts\/481","targetHints":{"allow":["GET"]}}],"collection":[{"href":"https:\/\/asakroken.sv7.se\/index.php?rest_route=\/wp\/v2\/posts"}],"about":[{"href":"https:\/\/asakroken.sv7.se\/index.php?rest_route=\/wp\/v2\/types\/post"}],"author":[{"embeddable":true,"href":"https:\/\/asakroken.sv7.se\/index.php?rest_route=\/wp\/v2\/users\/5"}],"replies":[{"embeddable":true,"href":"https:\/\/asakroken.sv7.se\/index.php?rest_route=%2Fwp%2Fv2%2Fcomments&post=481"}],"version-history":[{"count":1,"href":"https:\/\/asakroken.sv7.se\/index.php?rest_route=\/wp\/v2\/posts\/481\/revisions"}],"predecessor-version":[{"id":483,"href":"https:\/\/asakroken.sv7.se\/index.php?rest_route=\/wp\/v2\/posts\/481\/revisions\/483"}],"wp:attachment":[{"href":"https:\/\/asakroken.sv7.se\/index.php?rest_route=%2Fwp%2Fv2%2Fmedia&parent=481"}],"wp:term":[{"taxonomy":"category","embeddable":true,"href":"https:\/\/asakroken.sv7.se\/index.php?rest_route=%2Fwp%2Fv2%2Fcategories&post=481"},{"taxonomy":"post_tag","embeddable":true,"href":"https:\/\/asakroken.sv7.se\/index.php?rest_route=%2Fwp%2Fv2%2Ftags&post=481"}],"curies":[{"name":"wp","href":"https:\/\/api.w.org\/{rel}","templated":true}]}}