{"id":485,"date":"2023-05-09T00:08:12","date_gmt":"2023-05-08T22:08:12","guid":{"rendered":"https:\/\/asakroken.sv7.se\/?p=485"},"modified":"2023-05-09T00:08:12","modified_gmt":"2023-05-08T22:08:12","slug":"grasklippning-nya-grannar-och-flismaskin","status":"publish","type":"post","link":"https:\/\/asakroken.sv7.se\/?p=485","title":{"rendered":"Gr\u00e4sklippning, nya grannar och flismaskin."},"content":{"rendered":"\n<ul class=\"wp-block-list\">\n<li>1) Nya grannar.<\/li>\n\n\n\n<li>2) Ny flismaskin.<\/li>\n\n\n\n<li>3) Sk\u00f6tselschema och omr\u00e5den som vi sk\u00f6ter gemensamt.<\/li>\n<\/ul>\n\n\n\n<p><strong>1)<\/strong><\/p>\n\n\n\n<p>N\u00e4r husen p\u00e5 omr\u00e5det byter \u00e4gare vill styrelsen att n\u00e5gon inom respektive omr\u00e5de meddelar styrelsen detta s\u00e5 att information kan delas ut till dessa nyinflyttade.<br>Vi har 6st omr\u00e5den. Se komplett karta (med \u00e4ven omr\u00e5de 6 synligt) p\u00e5 hemsidan eller anslagstavlorna.<\/p>\n\n\n\n<p><strong>2)<\/strong><\/p>\n\n\n\n<p>Jimmy i hus 49 har varit sn\u00e4ll och st\u00e4llt en flismaskin i det gemensamma garaget som kan anv\u00e4ndas av alla som exempelvis \u00e4r l\u00e4mplig d\u00e5 ni klipper era h\u00e4ckar. Den klarar upp till 40mm grenar och kvistar enligt leverant\u00f6ren. Flisen kan ni sedan l\u00e4gga i era rabatter i st\u00e4llet f\u00f6r att k\u00f6pa t\u00e4ckbark.<\/p>\n\n\n\n<p>Tack Jimmy.<\/p>\n\n\n\n<p><strong>3)<\/strong><\/p>\n\n\n\n<p>\u00d6nskem\u00e5l om info och ett f\u00f6rtydligande om hur dessa skall tolkas har framf\u00f6rts p\u00e5 \u00e5rsm\u00f6tet. Sammanst\u00e4ller d\u00e4rf\u00f6r h\u00e4r hur dessa skall l\u00e4sas.<br><strong>Det r\u00f6dmarkerade omr\u00e5det g\u00e4ller f\u00f6r hus 1 som ett exempel.<\/strong><\/p>\n\n\n\n<p><strong>Sk\u00f6tselschema<\/strong> talar om vilket omr\u00e5de som g\u00e4ller f\u00f6r respektive hus nr.<br>Den visar samtidigt vilka veckor som g\u00e4ller f\u00f6r detta hus.<\/p>\n\n\n\n<p><strong>Omr\u00e5dena<\/strong> ser ni sedan p\u00e5 n\u00e4sta bild. <br>Gr\u00e4sytorna som skall klippas \u00e4r m\u00f6rkgr\u00f6na och skall sk\u00f6tas alla 3 veckorna.<\/p>\n\n\n\n<p><strong>Vecka 32 \u00e4r gulmarkerad f\u00f6r b\u00e5de hus 1 och hus 14<\/strong> vilket inneb\u00e4r att \u00e4ven gr\u00f6nomr\u00e5det (gulmarkead p\u00e5 kartan pga gul vecka) skall genomg\u00e5s inkl. ytorna runt elcentralen nedanf\u00f6r. Normalt sk\u00f6ter robotgr\u00e4sklipparen dessa ytor.<\/p>\n\n\n\n<p>Detta inneb\u00e4r att hus 1 och 14 under vecka 32 klipper kanter d\u00e4r roboten inte kommer \u00e5t eller ytor d\u00e4r vi lagt in avsp\u00e4rrningar f\u00f6r robotgr\u00e4sklipparen. <strong>Om robotklipparen \u00e4r p\u00e5 service eller s\u00f6nder skall gr\u00f6nomr\u00e5det klippas manuellt.<\/strong><\/p>\n\n\n\n<p><strong>F\u00f6r \u00f6vrigt g\u00e4ller under dessa 3 veckor<\/strong> att hus 1 plockar upp skr\u00e4p, krattar upp kvistar mm samt vattnar de utst\u00e4llda blomkrukorna p\u00e5 omr\u00e5de 1 samt gemensamt med hus 14 g\u00f6ra samma sak p\u00e5 gr\u00f6nomr\u00e5det under vecka 32.<\/p>\n\n\n\n<p><strong>T\u00e4nk p\u00e5 att det \u00e4r er skyldighet att se till att veckorna sk\u00f6ts. Om ni inte sj\u00e4lv kan eller orkar s\u00e5 \u00e4r det upp till er sj\u00e4lva att l\u00f6sa detta via grannar, sl\u00e4ktingar, pension\u00e4rspoolen eller dylikt.<\/strong><\/p>\n\n\n\n<figure class=\"wp-block-image size-full\"><a href=\"https:\/\/asakroken.sv7.se\/wp-content\/uploads\/2023\/05\/image.png\"><img loading=\"lazy\" decoding=\"async\" width=\"643\" height=\"332\" src=\"https:\/\/asakroken.sv7.se\/wp-content\/uploads\/2023\/05\/image.png\" alt=\"\" class=\"wp-image-486\" srcset=\"https:\/\/asakroken.sv7.se\/wp-content\/uploads\/2023\/05\/image.png 643w, https:\/\/asakroken.sv7.se\/wp-content\/uploads\/2023\/05\/image-300x155.png 300w\" sizes=\"auto, (max-width: 643px) 100vw, 643px\" \/><\/a><\/figure>\n\n\n\n<figure class=\"wp-block-image size-full\"><a href=\"https:\/\/asakroken.sv7.se\/wp-content\/uploads\/2023\/05\/image-1.png\"><img loading=\"lazy\" decoding=\"async\" width=\"643\" height=\"543\" src=\"https:\/\/asakroken.sv7.se\/wp-content\/uploads\/2023\/05\/image-1.png\" alt=\"\" class=\"wp-image-487\" srcset=\"https:\/\/asakroken.sv7.se\/wp-content\/uploads\/2023\/05\/image-1.png 643w, https:\/\/asakroken.sv7.se\/wp-content\/uploads\/2023\/05\/image-1-300x253.png 300w\" sizes=\"auto, (max-width: 643px) 100vw, 643px\" \/><\/a><\/figure>\n","protected":false},"excerpt":{"rendered":"<p>1) N\u00e4r husen p\u00e5 omr\u00e5det byter \u00e4gare vill styrelsen att n\u00e5gon inom respektive omr\u00e5de meddelar styrelsen detta s\u00e5 att information kan delas ut till dessa nyinflyttade.Vi har 6st omr\u00e5den. Se komplett karta (med \u00e4ven omr\u00e5de 6 synligt) p\u00e5 hemsidan eller &hellip; <a href=\"https:\/\/asakroken.sv7.se\/?p=485\">Forts\u00e4tt l\u00e4sa <span class=\"meta-nav\">&rarr;<\/span><\/a><\/p>\n","protected":false},"author":5,"featured_media":0,"comment_status":"open","ping_status":"open","sticky":false,"template":"","format":"standard","meta":{"footnotes":""},"categories":[1],"tags":[],"class_list":["post-485","post","type-post","status-publish","format-standard","hentry","category-uncategorized"],"_links":{"self":[{"href":"https:\/\/asakroken.sv7.se\/index.php?rest_route=\/wp\/v2\/posts\/485","targetHints":{"allow":["GET"]}}],"collection":[{"href":"https:\/\/asakroken.sv7.se\/index.php?rest_route=\/wp\/v2\/posts"}],"about":[{"href":"https:\/\/asakroken.sv7.se\/index.php?rest_route=\/wp\/v2\/types\/post"}],"author":[{"embeddable":true,"href":"https:\/\/asakroken.sv7.se\/index.php?rest_route=\/wp\/v2\/users\/5"}],"replies":[{"embeddable":true,"href":"https:\/\/asakroken.sv7.se\/index.php?rest_route=%2Fwp%2Fv2%2Fcomments&post=485"}],"version-history":[{"count":1,"href":"https:\/\/asakroken.sv7.se\/index.php?rest_route=\/wp\/v2\/posts\/485\/revisions"}],"predecessor-version":[{"id":488,"href":"https:\/\/asakroken.sv7.se\/index.php?rest_route=\/wp\/v2\/posts\/485\/revisions\/488"}],"wp:attachment":[{"href":"https:\/\/asakroken.sv7.se\/index.php?rest_route=%2Fwp%2Fv2%2Fmedia&parent=485"}],"wp:term":[{"taxonomy":"category","embeddable":true,"href":"https:\/\/asakroken.sv7.se\/index.php?rest_route=%2Fwp%2Fv2%2Fcategories&post=485"},{"taxonomy":"post_tag","embeddable":true,"href":"https:\/\/asakroken.sv7.se\/index.php?rest_route=%2Fwp%2Fv2%2Ftags&post=485"}],"curies":[{"name":"wp","href":"https:\/\/api.w.org\/{rel}","templated":true}]}}