{"id":538,"date":"2025-03-13T22:26:05","date_gmt":"2025-03-13T21:26:05","guid":{"rendered":"https:\/\/asakroken.sv7.se\/?p=538"},"modified":"2025-03-13T22:26:05","modified_gmt":"2025-03-13T21:26:05","slug":"varstadning-och-grillning","status":"publish","type":"post","link":"https:\/\/asakroken.sv7.se\/?p=538","title":{"rendered":"V\u00e5rst\u00e4dning och grillning."},"content":{"rendered":"\n<p><strong>OBS!!! \u00c5rsm\u00f6te sker vid annat tillf\u00e4lle.<\/strong><\/p>\n\n\n\n<figure class=\"wp-block-image size-full is-resized\"><a href=\"https:\/\/asakroken.sv7.se\/wp-content\/uploads\/2025\/03\/image.png\"><img loading=\"lazy\" decoding=\"async\" width=\"367\" height=\"137\" src=\"https:\/\/asakroken.sv7.se\/wp-content\/uploads\/2025\/03\/image.png\" alt=\"\" class=\"wp-image-539\" style=\"width:555px;height:auto\" srcset=\"https:\/\/asakroken.sv7.se\/wp-content\/uploads\/2025\/03\/image.png 367w, https:\/\/asakroken.sv7.se\/wp-content\/uploads\/2025\/03\/image-300x112.png 300w\" sizes=\"auto, (max-width: 367px) 100vw, 367px\" \/><\/a><\/figure>\n\n\n\n<p>Nu \u00e4r det dags att ta tag i v\u00e5rsysslorna och fixa till v\u00e5rt fina omr\u00e5de.<\/p>\n\n\n\n<p><strong>St\u00e4ddag s\u00f6ndagen den 11 maj kl.10:00.<\/strong><\/p>\n\n\n\n<p>Samling sker vid garagel\u00e4ngan j\u00e4mte gr\u00f6nomr\u00e5det.<br>St\u00e4ddagen inleds med en genomg\u00e5ng av det som skall \u00e5tg\u00e4rdas.<br>Detta inneb\u00e4r att vi <strong>inte<\/strong> kommer att ha \u00e5rsm\u00f6te i samband med denna.<br><br>Vi genomf\u00f6r korvgrillning kring lunch som vanligt.<br>Korv (\u00e4ven vegetarisk och kyckling) med tillbeh\u00f6r och dryck<br>kommer att finnas d\u00e4r till alla.<br><br>Efter korvgrillningen \u00e5terg\u00e5r vi till st\u00e4dningen<br>och finslipar det sista runt om p\u00e5 omr\u00e5det.<\/p>\n\n\n\n<p>Beh\u00f6ver n\u00e5got \u00e5tg\u00e4rdas i ert n\u00e4romr\u00e5de,<br>kontakta d\u00e5 styrelsen i god tid s\u00e5 att vi kan best\u00e4lla material mm.<\/p>\n\n\n\n<p><strong>\u00c5rsm\u00f6te tisdagen den 13 maj kl.18:00.<br>Denna genomf\u00f6rs i matsalen p\u00e5 skolan.<\/strong><br><\/p>\n\n\n\n<figure class=\"wp-block-image size-full\"><a href=\"https:\/\/asakroken.sv7.se\/wp-content\/uploads\/2025\/03\/image-1.png\"><img loading=\"lazy\" decoding=\"async\" width=\"225\" height=\"225\" src=\"https:\/\/asakroken.sv7.se\/wp-content\/uploads\/2025\/03\/image-1.png\" alt=\"\" class=\"wp-image-540\" srcset=\"https:\/\/asakroken.sv7.se\/wp-content\/uploads\/2025\/03\/image-1.png 225w, https:\/\/asakroken.sv7.se\/wp-content\/uploads\/2025\/03\/image-1-150x150.png 150w\" sizes=\"auto, (max-width: 225px) 100vw, 225px\" \/><\/a><\/figure>\n\n\n\n<p><\/p>\n","protected":false},"excerpt":{"rendered":"<p>OBS!!! \u00c5rsm\u00f6te sker vid annat tillf\u00e4lle. Nu \u00e4r det dags att ta tag i v\u00e5rsysslorna och fixa till v\u00e5rt fina omr\u00e5de. St\u00e4ddag s\u00f6ndagen den 11 maj kl.10:00. Samling sker vid garagel\u00e4ngan j\u00e4mte gr\u00f6nomr\u00e5det.St\u00e4ddagen inleds med en genomg\u00e5ng av det som &hellip; <a href=\"https:\/\/asakroken.sv7.se\/?p=538\">Forts\u00e4tt l\u00e4sa <span class=\"meta-nav\">&rarr;<\/span><\/a><\/p>\n","protected":false},"author":5,"featured_media":0,"comment_status":"open","ping_status":"open","sticky":false,"template":"","format":"standard","meta":{"footnotes":""},"categories":[1],"tags":[],"class_list":["post-538","post","type-post","status-publish","format-standard","hentry","category-uncategorized"],"_links":{"self":[{"href":"https:\/\/asakroken.sv7.se\/index.php?rest_route=\/wp\/v2\/posts\/538","targetHints":{"allow":["GET"]}}],"collection":[{"href":"https:\/\/asakroken.sv7.se\/index.php?rest_route=\/wp\/v2\/posts"}],"about":[{"href":"https:\/\/asakroken.sv7.se\/index.php?rest_route=\/wp\/v2\/types\/post"}],"author":[{"embeddable":true,"href":"https:\/\/asakroken.sv7.se\/index.php?rest_route=\/wp\/v2\/users\/5"}],"replies":[{"embeddable":true,"href":"https:\/\/asakroken.sv7.se\/index.php?rest_route=%2Fwp%2Fv2%2Fcomments&post=538"}],"version-history":[{"count":2,"href":"https:\/\/asakroken.sv7.se\/index.php?rest_route=\/wp\/v2\/posts\/538\/revisions"}],"predecessor-version":[{"id":542,"href":"https:\/\/asakroken.sv7.se\/index.php?rest_route=\/wp\/v2\/posts\/538\/revisions\/542"}],"wp:attachment":[{"href":"https:\/\/asakroken.sv7.se\/index.php?rest_route=%2Fwp%2Fv2%2Fmedia&parent=538"}],"wp:term":[{"taxonomy":"category","embeddable":true,"href":"https:\/\/asakroken.sv7.se\/index.php?rest_route=%2Fwp%2Fv2%2Fcategories&post=538"},{"taxonomy":"post_tag","embeddable":true,"href":"https:\/\/asakroken.sv7.se\/index.php?rest_route=%2Fwp%2Fv2%2Ftags&post=538"}],"curies":[{"name":"wp","href":"https:\/\/api.w.org\/{rel}","templated":true}]}}