{"id":547,"date":"2025-09-21T21:28:59","date_gmt":"2025-09-21T19:28:59","guid":{"rendered":"https:\/\/asakroken.sv7.se\/?p=547"},"modified":"2025-09-21T21:28:59","modified_gmt":"2025-09-21T19:28:59","slug":"asakrokens-hoststadning-26-oktober","status":"publish","type":"post","link":"https:\/\/asakroken.sv7.se\/?p=547","title":{"rendered":"\u00c5sakrokens h\u00f6stst\u00e4dning 26 oktober"},"content":{"rendered":"\n<figure class=\"wp-block-image size-full is-resized\"><a href=\"https:\/\/asakroken.sv7.se\/wp-content\/uploads\/2025\/09\/Hostlov5.jpg\"><img loading=\"lazy\" decoding=\"async\" width=\"268\" height=\"188\" src=\"https:\/\/asakroken.sv7.se\/wp-content\/uploads\/2025\/09\/Hostlov5.jpg\" alt=\"\" class=\"wp-image-548\" style=\"width:485px;height:auto\"\/><\/a><\/figure>\n\n\n\n<p>Nu har det \u00e5terigen blivit dags f\u00f6r st\u00e4dning av omr\u00e5det.<br><br><strong>S\u00f6ndagen den 26 oktober kl.10:00.<\/strong><br><br>Vi samlas vid gr\u00f6nomr\u00e5det f\u00f6r att f\u00e5 information om vad som beh\u00f6ver \u00e5tg\u00e4rdas.<br><br>Vi klipper gr\u00e4s och h\u00e4ckar samt sopar gator och g\u00e5r igenom sandl\u00e5dor samt plockar undan sommarens blomkrukor mm.<br><br>\u00c5terigen skall vi \u00e4ven t\u00e4cka \u00f6ver sandl\u00e5dan vid hus 13. L\u00e4gger p\u00e5 presenning f\u00f6r att det skall bli l\u00e4ttare att till v\u00e5ren samla upp sm\u00e5sten som sn\u00f6plogen l\u00e4mnar kvar efter sig n\u00e4r sn\u00f6h\u00f6garna sm\u00e4lter.<br><br>En p\u00e5minnelse ang\u00e5ende hanteringen av sk\u00f6tselomr\u00e5den samt sk\u00f6tselveckor f\u00f6r v\u00e5ra gemensamma ytor \u00e4r nog p\u00e5 sin plats \u00e4ven denna g\u00e5ng.<br><br>Om v\u00e4dret till\u00e5ter s\u00e5 planerar vi \u00e4ven grillning vilket varit v\u00e4ldigt uppskattat.<br>Alltid roligt att tr\u00e4ffa de andra p\u00e5 omr\u00e5det och samtala lite.<br><br>Som vanligt \u00e4r det viktigt att alla \u00e4r med och st\u00e4dar tills allt blivit genomg\u00e5nget.<br>P\u00e5 detta s\u00e4tt kan vi beh\u00e5lla omr\u00e5det trivsamt och d\u00e4rmed attraktivt.<br><br>Styrelsen<\/p>\n\n\n\n<figure class=\"wp-block-image size-full is-resized\"><a href=\"https:\/\/asakroken.sv7.se\/wp-content\/uploads\/2025\/09\/korv.jpg\"><img loading=\"lazy\" decoding=\"async\" width=\"263\" height=\"192\" src=\"https:\/\/asakroken.sv7.se\/wp-content\/uploads\/2025\/09\/korv.jpg\" alt=\"\" class=\"wp-image-549\" style=\"width:386px;height:auto\"\/><\/a><\/figure>\n","protected":false},"excerpt":{"rendered":"<p>Nu har det \u00e5terigen blivit dags f\u00f6r st\u00e4dning av omr\u00e5det. S\u00f6ndagen den 26 oktober kl.10:00. Vi samlas vid gr\u00f6nomr\u00e5det f\u00f6r att f\u00e5 information om vad som beh\u00f6ver \u00e5tg\u00e4rdas. Vi klipper gr\u00e4s och h\u00e4ckar samt sopar gator och g\u00e5r igenom sandl\u00e5dor &hellip; <a href=\"https:\/\/asakroken.sv7.se\/?p=547\">Forts\u00e4tt l\u00e4sa <span class=\"meta-nav\">&rarr;<\/span><\/a><\/p>\n","protected":false},"author":5,"featured_media":0,"comment_status":"open","ping_status":"open","sticky":false,"template":"","format":"standard","meta":{"footnotes":""},"categories":[1],"tags":[],"class_list":["post-547","post","type-post","status-publish","format-standard","hentry","category-uncategorized"],"_links":{"self":[{"href":"https:\/\/asakroken.sv7.se\/index.php?rest_route=\/wp\/v2\/posts\/547","targetHints":{"allow":["GET"]}}],"collection":[{"href":"https:\/\/asakroken.sv7.se\/index.php?rest_route=\/wp\/v2\/posts"}],"about":[{"href":"https:\/\/asakroken.sv7.se\/index.php?rest_route=\/wp\/v2\/types\/post"}],"author":[{"embeddable":true,"href":"https:\/\/asakroken.sv7.se\/index.php?rest_route=\/wp\/v2\/users\/5"}],"replies":[{"embeddable":true,"href":"https:\/\/asakroken.sv7.se\/index.php?rest_route=%2Fwp%2Fv2%2Fcomments&post=547"}],"version-history":[{"count":1,"href":"https:\/\/asakroken.sv7.se\/index.php?rest_route=\/wp\/v2\/posts\/547\/revisions"}],"predecessor-version":[{"id":550,"href":"https:\/\/asakroken.sv7.se\/index.php?rest_route=\/wp\/v2\/posts\/547\/revisions\/550"}],"wp:attachment":[{"href":"https:\/\/asakroken.sv7.se\/index.php?rest_route=%2Fwp%2Fv2%2Fmedia&parent=547"}],"wp:term":[{"taxonomy":"category","embeddable":true,"href":"https:\/\/asakroken.sv7.se\/index.php?rest_route=%2Fwp%2Fv2%2Fcategories&post=547"},{"taxonomy":"post_tag","embeddable":true,"href":"https:\/\/asakroken.sv7.se\/index.php?rest_route=%2Fwp%2Fv2%2Ftags&post=547"}],"curies":[{"name":"wp","href":"https:\/\/api.w.org\/{rel}","templated":true}]}}