{"id":551,"date":"2026-03-15T18:39:37","date_gmt":"2026-03-15T17:39:37","guid":{"rendered":"https:\/\/asakroken.sv7.se\/?p=551"},"modified":"2026-03-15T18:39:37","modified_gmt":"2026-03-15T17:39:37","slug":"varstadning-och-grillning-2","status":"publish","type":"post","link":"https:\/\/asakroken.sv7.se\/?p=551","title":{"rendered":"V\u00e5rst\u00e4dning och grillning."},"content":{"rendered":"\n<p><strong>OBS!!! \u00c5rsm\u00f6te sker \u00e4ven denna g\u00e5ng vid annat tillf\u00e4lle.<\/strong><\/p>\n\n\n\n<figure class=\"wp-block-image size-full\"><a href=\"https:\/\/asakroken.sv7.se\/wp-content\/uploads\/2026\/03\/image.png\"><img loading=\"lazy\" decoding=\"async\" width=\"402\" height=\"125\" src=\"https:\/\/asakroken.sv7.se\/wp-content\/uploads\/2026\/03\/image.png\" alt=\"\" class=\"wp-image-552\" srcset=\"https:\/\/asakroken.sv7.se\/wp-content\/uploads\/2026\/03\/image.png 402w, https:\/\/asakroken.sv7.se\/wp-content\/uploads\/2026\/03\/image-300x93.png 300w\" sizes=\"auto, (max-width: 402px) 100vw, 402px\" \/><\/a><\/figure>\n\n\n\n<p><br>V\u00e5ren \u00e4r p\u00e5 g\u00e5ng och d\u00e4rmed dags f\u00f6r oss att snygga till v\u00e5rt omr\u00e5de igen.<br><br><strong>St\u00e4ddag s\u00f6ndagen den 10 maj kl.10:00.<\/strong><\/p>\n\n\n\n<p>Vi samlas som vanligt vid garagel\u00e4ngan j\u00e4mte gr\u00f6nomr\u00e5det.<br>St\u00e4ddagen inleds med en genomg\u00e5ng av det som skall \u00e5tg\u00e4rdas.<br>\u00c5rsm\u00f6tet sker allts\u00e5 <strong>inte<\/strong> samma dag.<br><br>Det blir korvgrillning kring lunch som vanligt.<br>Korv (\u00e4ven vegetarisk och kyckling) med tillbeh\u00f6r och dryck<br>kommer att finnas d\u00e4r till alla.<br><br>N\u00e4r alla f\u00e5tt i sig lite mat vid grillningen \u00e5terg\u00e5r vi till st\u00e4dningen.<br>Alla hj\u00e4lps \u00e5t till att fixa det sista runt om p\u00e5 omr\u00e5det.<\/p>\n\n\n\n<p>Beh\u00f6ver n\u00e5got \u00e5tg\u00e4rdas i ert n\u00e4romr\u00e5de,<br>kontakta d\u00e5 styrelsen i god tid s\u00e5 att vi kan best\u00e4lla material mm.<\/p>\n\n\n\n<p><strong>\u00c5rsm\u00f6te tisdagen den 28 april kl.18:00.<br>Denna genomf\u00f6rs i matsalen p\u00e5 skolan.<\/strong><\/p>\n\n\n\n<figure class=\"wp-block-image size-full\"><a href=\"https:\/\/asakroken.sv7.se\/wp-content\/uploads\/2026\/03\/image-1.png\"><img loading=\"lazy\" decoding=\"async\" width=\"225\" height=\"225\" src=\"https:\/\/asakroken.sv7.se\/wp-content\/uploads\/2026\/03\/image-1.png\" alt=\"\" class=\"wp-image-553\" srcset=\"https:\/\/asakroken.sv7.se\/wp-content\/uploads\/2026\/03\/image-1.png 225w, https:\/\/asakroken.sv7.se\/wp-content\/uploads\/2026\/03\/image-1-150x150.png 150w\" sizes=\"auto, (max-width: 225px) 100vw, 225px\" \/><\/a><\/figure>\n","protected":false},"excerpt":{"rendered":"<p>OBS!!! \u00c5rsm\u00f6te sker \u00e4ven denna g\u00e5ng vid annat tillf\u00e4lle. V\u00e5ren \u00e4r p\u00e5 g\u00e5ng och d\u00e4rmed dags f\u00f6r oss att snygga till v\u00e5rt omr\u00e5de igen. St\u00e4ddag s\u00f6ndagen den 10 maj kl.10:00. Vi samlas som vanligt vid garagel\u00e4ngan j\u00e4mte gr\u00f6nomr\u00e5det.St\u00e4ddagen inleds med &hellip; <a href=\"https:\/\/asakroken.sv7.se\/?p=551\">Forts\u00e4tt l\u00e4sa <span class=\"meta-nav\">&rarr;<\/span><\/a><\/p>\n","protected":false},"author":5,"featured_media":0,"comment_status":"open","ping_status":"open","sticky":false,"template":"","format":"standard","meta":{"footnotes":""},"categories":[1],"tags":[],"class_list":["post-551","post","type-post","status-publish","format-standard","hentry","category-uncategorized"],"_links":{"self":[{"href":"https:\/\/asakroken.sv7.se\/index.php?rest_route=\/wp\/v2\/posts\/551","targetHints":{"allow":["GET"]}}],"collection":[{"href":"https:\/\/asakroken.sv7.se\/index.php?rest_route=\/wp\/v2\/posts"}],"about":[{"href":"https:\/\/asakroken.sv7.se\/index.php?rest_route=\/wp\/v2\/types\/post"}],"author":[{"embeddable":true,"href":"https:\/\/asakroken.sv7.se\/index.php?rest_route=\/wp\/v2\/users\/5"}],"replies":[{"embeddable":true,"href":"https:\/\/asakroken.sv7.se\/index.php?rest_route=%2Fwp%2Fv2%2Fcomments&post=551"}],"version-history":[{"count":1,"href":"https:\/\/asakroken.sv7.se\/index.php?rest_route=\/wp\/v2\/posts\/551\/revisions"}],"predecessor-version":[{"id":554,"href":"https:\/\/asakroken.sv7.se\/index.php?rest_route=\/wp\/v2\/posts\/551\/revisions\/554"}],"wp:attachment":[{"href":"https:\/\/asakroken.sv7.se\/index.php?rest_route=%2Fwp%2Fv2%2Fmedia&parent=551"}],"wp:term":[{"taxonomy":"category","embeddable":true,"href":"https:\/\/asakroken.sv7.se\/index.php?rest_route=%2Fwp%2Fv2%2Fcategories&post=551"},{"taxonomy":"post_tag","embeddable":true,"href":"https:\/\/asakroken.sv7.se\/index.php?rest_route=%2Fwp%2Fv2%2Ftags&post=551"}],"curies":[{"name":"wp","href":"https:\/\/api.w.org\/{rel}","templated":true}]}}