{"id":80,"date":"2012-06-29T17:00:28","date_gmt":"2012-06-29T15:00:28","guid":{"rendered":"http:\/\/sv7.se\/asakroken\/?p=80"},"modified":"2012-06-29T17:00:28","modified_gmt":"2012-06-29T15:00:28","slug":"gemensamma-maskiner-for-omradet","status":"publish","type":"post","link":"https:\/\/asakroken.sv7.se\/?p=80","title":{"rendered":"Gemensamma maskiner f\u00f6r omr\u00e5det"},"content":{"rendered":"<p>Nu har vi k\u00f6pt in en gr\u00e4sklippare samt<br \/>\nen kombinerad gr\u00e4strimmer\/r\u00f6js\u00e5g.<br \/>\nDessa \u00e4r t\u00e4nkta att kunna nyttjas av samtliga<br \/>\nboende p\u00e5 omr\u00e5det vid sk\u00f6tsel av gemensamma omr\u00e5den.<br \/>\nAllts\u00e5 inte den egna tomten.<\/p>\n<p>Ni hittar dom i det gemensamma garaget.<br \/>\nB\u00e5da maskiner skall <strong><em>endast<\/em><\/strong> k\u00f6ras med<br \/>\nmilj\u00f6v\u00e4nlig bensin &#8221;Aspen 4-takt&#8221;.<br \/>\nD\u00e4r finns 2st (5-liters) dunkar som man kan<br \/>\ntanka upp maskinerna med innan man nyttjar dessa.<br \/>\nT\u00e4nk dock p\u00e5 att t\u00f6mma en dunk i taget s\u00e5 hinner vi<br \/>\nfylla p\u00e5 n\u00e4sta under tiden.<\/p>\n<p><strong><em>Viktigt<\/em><\/strong> att uppm\u00e4rksamma s\u00e4kerheten,<br \/>\nfram f\u00f6r allt med trimmern\/r\u00f6js\u00e5gen.<br \/>\nH\u00f6rselskydd inkl. visir samt sele finns tillg\u00e4ngligt<br \/>\noch skall anv\u00e4ndas vid arbete med denna.<\/p>\n<p>F\u00f6rutom <em>sn\u00f6re<\/em> s\u00e5 finns f\u00f6r\u00a0r\u00f6js\u00e5gen 2st klingor<br \/>\nsom monteras vid gr\u00f6vre arbeten.<br \/>\nEn <em>3-uddsklinga<\/em> f\u00f6r h\u00f6gt gr\u00e4s och mindre buskar samt<br \/>\nen <em>s\u00e5gklinga<\/em> f\u00f6r gr\u00f6vre buskage samt mindre tr\u00e4d.<br \/>\n<em><strong>Viktigt<\/strong><\/em> att man monterar klingskydden enligt anvisning.<br \/>\nObs! \u00c5terst\u00e4ll maskinen till sn\u00f6rkasett efter anv\u00e4ndandet.<\/p>\n<p>Kontakta Ilkka\u00a0(hus 1) om ni beh\u00f6ver instruktioner om detta.<br \/>\nI garaget finns \u00e4ven medf\u00f6ljande handhavande-dokument.<\/p>\n","protected":false},"excerpt":{"rendered":"<p>Nu har vi k\u00f6pt in en gr\u00e4sklippare samt en kombinerad gr\u00e4strimmer\/r\u00f6js\u00e5g. Dessa \u00e4r t\u00e4nkta att kunna nyttjas av samtliga boende p\u00e5 omr\u00e5det vid sk\u00f6tsel av gemensamma omr\u00e5den. Allts\u00e5 inte den egna tomten. Ni hittar dom i det gemensamma garaget. B\u00e5da &hellip; <a href=\"https:\/\/asakroken.sv7.se\/?p=80\">Forts\u00e4tt l\u00e4sa <span class=\"meta-nav\">&rarr;<\/span><\/a><\/p>\n","protected":false},"author":5,"featured_media":0,"comment_status":"open","ping_status":"open","sticky":false,"template":"","format":"standard","meta":{"footnotes":""},"categories":[1],"tags":[],"class_list":["post-80","post","type-post","status-publish","format-standard","hentry","category-uncategorized"],"_links":{"self":[{"href":"https:\/\/asakroken.sv7.se\/index.php?rest_route=\/wp\/v2\/posts\/80","targetHints":{"allow":["GET"]}}],"collection":[{"href":"https:\/\/asakroken.sv7.se\/index.php?rest_route=\/wp\/v2\/posts"}],"about":[{"href":"https:\/\/asakroken.sv7.se\/index.php?rest_route=\/wp\/v2\/types\/post"}],"author":[{"embeddable":true,"href":"https:\/\/asakroken.sv7.se\/index.php?rest_route=\/wp\/v2\/users\/5"}],"replies":[{"embeddable":true,"href":"https:\/\/asakroken.sv7.se\/index.php?rest_route=%2Fwp%2Fv2%2Fcomments&post=80"}],"version-history":[{"count":3,"href":"https:\/\/asakroken.sv7.se\/index.php?rest_route=\/wp\/v2\/posts\/80\/revisions"}],"predecessor-version":[{"id":83,"href":"https:\/\/asakroken.sv7.se\/index.php?rest_route=\/wp\/v2\/posts\/80\/revisions\/83"}],"wp:attachment":[{"href":"https:\/\/asakroken.sv7.se\/index.php?rest_route=%2Fwp%2Fv2%2Fmedia&parent=80"}],"wp:term":[{"taxonomy":"category","embeddable":true,"href":"https:\/\/asakroken.sv7.se\/index.php?rest_route=%2Fwp%2Fv2%2Fcategories&post=80"},{"taxonomy":"post_tag","embeddable":true,"href":"https:\/\/asakroken.sv7.se\/index.php?rest_route=%2Fwp%2Fv2%2Ftags&post=80"}],"curies":[{"name":"wp","href":"https:\/\/api.w.org\/{rel}","templated":true}]}}